{"id":10488,"date":"2026-01-06T14:23:04","date_gmt":"2026-01-06T13:23:04","guid":{"rendered":"https:\/\/www.univ-lorraine.fr\/culture\/factuel-contenu-cult\/curieuse-conference-la-ou-le-mot-habite-maisons-dartistes-et-geographie-de-linspiration\/"},"modified":"2026-02-11T13:01:59","modified_gmt":"2026-02-11T12:01:59","slug":"curieuse-conference-la-ou-le-mot-habite-maisons-dartistes-et-geographie-de-linspiration","status":"publish","type":"factuel_contenu_cult","link":"https:\/\/www.univ-lorraine.fr\/culture\/factuel-contenu-cult\/curieuse-conference-la-ou-le-mot-habite-maisons-dartistes-et-geographie-de-linspiration\/","title":{"rendered":"Curieuse conf\u00e9rence : L\u00e0 o\u00f9 le mot habite : maisons d\u2019artistes et g\u00e9ographie de l\u2019inspiration"},"content":{"rendered":"\n<p><p>Cette conf\u00e9rence explore les maisons d\u2019\u00e9crivains et d\u2019artistes comme des espaces d\u2019inspiration, de cr\u00e9ation et de m\u00e9moire. Entre refuges intimes et vitrines patrimoniales, ces lieux donnent \u00e0 voir l\u2019\u00e9crit dans sa mat\u00e9rialit\u00e9, son ancrage et sa mise en sc\u00e8ne. Geoffrey Miltgen est Docteur en Langue et Litt\u00e9rature fran\u00e7aises, professeur agr\u00e9g\u00e9 en Lettres modernes et certifi\u00e9&#8230;<\/p><\/p>\n","protected":false},"template":"","factuel_-_type":[185],"factuel-ville":[1021],"factuel-mots-cles":[],"factuel-kwd-culture":[1037],"class_list":["post-10488","factuel_contenu_cult","type-factuel_contenu_cult","status-publish","has-post-thumbnail","hentry","factuel_-_type-evenement","factuel-ville-thionville-yutz","factuel-kwd-culture-conference"],"yoast_head":"<!-- This site is optimized with the Yoast SEO plugin v27.4 - https:\/\/yoast.com\/product\/yoast-seo-wordpress\/ -->\n<title>Curieuse conf\u00e9rence : L\u00e0 o\u00f9 le mot habite : maisons d\u2019artistes et g\u00e9ographie de l\u2019inspiration - Culture<\/title>\n<meta name=\"robots\" content=\"index, follow, max-snippet:-1, max-image-preview:large, max-video-preview:-1\" \/>\n<link rel=\"canonical\" href=\"https:\/\/www.univ-lorraine.fr\/culture\/factuel-contenu-cult\/curieuse-conference-la-ou-le-mot-habite-maisons-dartistes-et-geographie-de-linspiration\/\" \/>\n<meta property=\"og:locale\" content=\"fr_FR\" \/>\n<meta property=\"og:type\" content=\"article\" \/>\n<meta property=\"og:title\" content=\"Curieuse conf\u00e9rence : L\u00e0 o\u00f9 le mot habite : maisons d\u2019artistes et g\u00e9ographie de l\u2019inspiration - Culture\" \/>\n<meta property=\"og:description\" content=\"Cette conf\u00e9rence explore les maisons d\u2019\u00e9crivains et d\u2019artistes comme des espaces d\u2019inspiration, de cr\u00e9ation et de m\u00e9moire. Entre refuges intimes et vitrines patrimoniales, ces lieux donnent \u00e0 voir l\u2019\u00e9crit dans sa mat\u00e9rialit\u00e9, son ancrage et sa mise en sc\u00e8ne. Geoffrey Miltgen est Docteur en Langue et Litt\u00e9rature fran\u00e7aises, professeur agr\u00e9g\u00e9 en Lettres modernes et certifi\u00e9&#8230;\" \/>\n<meta property=\"og:url\" content=\"https:\/\/www.univ-lorraine.fr\/culture\/factuel-contenu-cult\/curieuse-conference-la-ou-le-mot-habite-maisons-dartistes-et-geographie-de-linspiration\/\" \/>\n<meta property=\"og:site_name\" content=\"Culture\" \/>\n<meta property=\"article:modified_time\" content=\"2026-02-11T12:01:59+00:00\" \/>\n<meta property=\"og:image\" content=\"https:\/\/www.univ-lorraine.fr\/culture\/wp-content\/uploads\/sites\/10\/2026\/02\/maison-ecrivain-3.jpg\" \/>\n\t<meta property=\"og:image:width\" content=\"200\" \/>\n\t<meta property=\"og:image:height\" content=\"300\" \/>\n\t<meta property=\"og:image:type\" content=\"image\/jpeg\" \/>\n<meta name=\"twitter:card\" content=\"summary_large_image\" \/>\n<script type=\"application\/ld+json\" class=\"yoast-schema-graph\">{\"@context\":\"https:\\\/\\\/schema.org\",\"@graph\":[{\"@type\":\"WebPage\",\"@id\":\"https:\\\/\\\/www.univ-lorraine.fr\\\/culture\\\/factuel-contenu-cult\\\/curieuse-conference-la-ou-le-mot-habite-maisons-dartistes-et-geographie-de-linspiration\\\/\",\"url\":\"https:\\\/\\\/www.univ-lorraine.fr\\\/culture\\\/factuel-contenu-cult\\\/curieuse-conference-la-ou-le-mot-habite-maisons-dartistes-et-geographie-de-linspiration\\\/\",\"name\":\"Curieuse conf\u00e9rence : L\u00e0 o\u00f9 le mot habite : maisons d\u2019artistes et g\u00e9ographie de l\u2019inspiration - Culture\",\"isPartOf\":{\"@id\":\"https:\\\/\\\/www.univ-lorraine.fr\\\/culture\\\/#website\"},\"primaryImageOfPage\":{\"@id\":\"https:\\\/\\\/www.univ-lorraine.fr\\\/culture\\\/factuel-contenu-cult\\\/curieuse-conference-la-ou-le-mot-habite-maisons-dartistes-et-geographie-de-linspiration\\\/#primaryimage\"},\"image\":{\"@id\":\"https:\\\/\\\/www.univ-lorraine.fr\\\/culture\\\/factuel-contenu-cult\\\/curieuse-conference-la-ou-le-mot-habite-maisons-dartistes-et-geographie-de-linspiration\\\/#primaryimage\"},\"thumbnailUrl\":\"https:\\\/\\\/www.univ-lorraine.fr\\\/culture\\\/wp-content\\\/uploads\\\/sites\\\/10\\\/2026\\\/02\\\/maison-ecrivain-3.jpg\",\"datePublished\":\"2026-01-06T13:23:04+00:00\",\"dateModified\":\"2026-02-11T12:01:59+00:00\",\"breadcrumb\":{\"@id\":\"https:\\\/\\\/www.univ-lorraine.fr\\\/culture\\\/factuel-contenu-cult\\\/curieuse-conference-la-ou-le-mot-habite-maisons-dartistes-et-geographie-de-linspiration\\\/#breadcrumb\"},\"inLanguage\":\"fr-FR\",\"potentialAction\":[{\"@type\":\"ReadAction\",\"target\":[\"https:\\\/\\\/www.univ-lorraine.fr\\\/culture\\\/factuel-contenu-cult\\\/curieuse-conference-la-ou-le-mot-habite-maisons-dartistes-et-geographie-de-linspiration\\\/\"]}]},{\"@type\":\"ImageObject\",\"inLanguage\":\"fr-FR\",\"@id\":\"https:\\\/\\\/www.univ-lorraine.fr\\\/culture\\\/factuel-contenu-cult\\\/curieuse-conference-la-ou-le-mot-habite-maisons-dartistes-et-geographie-de-linspiration\\\/#primaryimage\",\"url\":\"https:\\\/\\\/www.univ-lorraine.fr\\\/culture\\\/wp-content\\\/uploads\\\/sites\\\/10\\\/2026\\\/02\\\/maison-ecrivain-3.jpg\",\"contentUrl\":\"https:\\\/\\\/www.univ-lorraine.fr\\\/culture\\\/wp-content\\\/uploads\\\/sites\\\/10\\\/2026\\\/02\\\/maison-ecrivain-3.jpg\",\"width\":200,\"height\":300},{\"@type\":\"BreadcrumbList\",\"@id\":\"https:\\\/\\\/www.univ-lorraine.fr\\\/culture\\\/factuel-contenu-cult\\\/curieuse-conference-la-ou-le-mot-habite-maisons-dartistes-et-geographie-de-linspiration\\\/#breadcrumb\",\"itemListElement\":[{\"@type\":\"ListItem\",\"position\":1,\"name\":\"Accueil\",\"item\":\"https:\\\/\\\/www.univ-lorraine.fr\\\/culture\\\/\"},{\"@type\":\"ListItem\",\"position\":2,\"name\":\"Curieuse conf\u00e9rence : L\u00e0 o\u00f9 le mot habite : maisons d\u2019artistes et g\u00e9ographie de l\u2019inspiration\"}]},{\"@type\":\"WebSite\",\"@id\":\"https:\\\/\\\/www.univ-lorraine.fr\\\/culture\\\/#website\",\"url\":\"https:\\\/\\\/www.univ-lorraine.fr\\\/culture\\\/\",\"name\":\"Culture\",\"description\":\"\",\"publisher\":{\"@id\":\"https:\\\/\\\/www.univ-lorraine.fr\\\/culture\\\/#organization\"},\"potentialAction\":[{\"@type\":\"SearchAction\",\"target\":{\"@type\":\"EntryPoint\",\"urlTemplate\":\"https:\\\/\\\/www.univ-lorraine.fr\\\/culture\\\/?s={search_term_string}\"},\"query-input\":{\"@type\":\"PropertyValueSpecification\",\"valueRequired\":true,\"valueName\":\"search_term_string\"}}],\"inLanguage\":\"fr-FR\"},{\"@type\":\"Organization\",\"@id\":\"https:\\\/\\\/www.univ-lorraine.fr\\\/culture\\\/#organization\",\"name\":\"Universit\u00e9 de Lorraine\",\"url\":\"https:\\\/\\\/www.univ-lorraine.fr\\\/culture\\\/\",\"logo\":{\"@type\":\"ImageObject\",\"inLanguage\":\"fr-FR\",\"@id\":\"https:\\\/\\\/www.univ-lorraine.fr\\\/culture\\\/#\\\/schema\\\/logo\\\/image\\\/\",\"url\":\"https:\\\/\\\/www.univ-lorraine.fr\\\/culture\\\/wp-content\\\/uploads\\\/sites\\\/10\\\/2021\\\/01\\\/LOGO_UL.png\",\"contentUrl\":\"https:\\\/\\\/www.univ-lorraine.fr\\\/culture\\\/wp-content\\\/uploads\\\/sites\\\/10\\\/2021\\\/01\\\/LOGO_UL.png\",\"width\":138,\"height\":48,\"caption\":\"Universit\u00e9 de Lorraine\"},\"image\":{\"@id\":\"https:\\\/\\\/www.univ-lorraine.fr\\\/culture\\\/#\\\/schema\\\/logo\\\/image\\\/\"}}]}<\/script>\n<!-- \/ Yoast SEO plugin. -->","yoast_head_json":{"title":"Curieuse conf\u00e9rence : L\u00e0 o\u00f9 le mot habite : maisons d\u2019artistes et g\u00e9ographie de l\u2019inspiration - Culture","robots":{"index":"index","follow":"follow","max-snippet":"max-snippet:-1","max-image-preview":"max-image-preview:large","max-video-preview":"max-video-preview:-1"},"canonical":"https:\/\/www.univ-lorraine.fr\/culture\/factuel-contenu-cult\/curieuse-conference-la-ou-le-mot-habite-maisons-dartistes-et-geographie-de-linspiration\/","og_locale":"fr_FR","og_type":"article","og_title":"Curieuse conf\u00e9rence : L\u00e0 o\u00f9 le mot habite : maisons d\u2019artistes et g\u00e9ographie de l\u2019inspiration - Culture","og_description":"Cette conf\u00e9rence explore les maisons d\u2019\u00e9crivains et d\u2019artistes comme des espaces d\u2019inspiration, de cr\u00e9ation et de m\u00e9moire. Entre refuges intimes et vitrines patrimoniales, ces lieux donnent \u00e0 voir l\u2019\u00e9crit dans sa mat\u00e9rialit\u00e9, son ancrage et sa mise en sc\u00e8ne. Geoffrey Miltgen est Docteur en Langue et Litt\u00e9rature fran\u00e7aises, professeur agr\u00e9g\u00e9 en Lettres modernes et certifi\u00e9&#8230;","og_url":"https:\/\/www.univ-lorraine.fr\/culture\/factuel-contenu-cult\/curieuse-conference-la-ou-le-mot-habite-maisons-dartistes-et-geographie-de-linspiration\/","og_site_name":"Culture","article_modified_time":"2026-02-11T12:01:59+00:00","og_image":[{"width":200,"height":300,"url":"https:\/\/www.univ-lorraine.fr\/culture\/wp-content\/uploads\/sites\/10\/2026\/02\/maison-ecrivain-3.jpg","type":"image\/jpeg"}],"twitter_card":"summary_large_image","schema":{"@context":"https:\/\/schema.org","@graph":[{"@type":"WebPage","@id":"https:\/\/www.univ-lorraine.fr\/culture\/factuel-contenu-cult\/curieuse-conference-la-ou-le-mot-habite-maisons-dartistes-et-geographie-de-linspiration\/","url":"https:\/\/www.univ-lorraine.fr\/culture\/factuel-contenu-cult\/curieuse-conference-la-ou-le-mot-habite-maisons-dartistes-et-geographie-de-linspiration\/","name":"Curieuse conf\u00e9rence : L\u00e0 o\u00f9 le mot habite : maisons d\u2019artistes et g\u00e9ographie de l\u2019inspiration - Culture","isPartOf":{"@id":"https:\/\/www.univ-lorraine.fr\/culture\/#website"},"primaryImageOfPage":{"@id":"https:\/\/www.univ-lorraine.fr\/culture\/factuel-contenu-cult\/curieuse-conference-la-ou-le-mot-habite-maisons-dartistes-et-geographie-de-linspiration\/#primaryimage"},"image":{"@id":"https:\/\/www.univ-lorraine.fr\/culture\/factuel-contenu-cult\/curieuse-conference-la-ou-le-mot-habite-maisons-dartistes-et-geographie-de-linspiration\/#primaryimage"},"thumbnailUrl":"https:\/\/www.univ-lorraine.fr\/culture\/wp-content\/uploads\/sites\/10\/2026\/02\/maison-ecrivain-3.jpg","datePublished":"2026-01-06T13:23:04+00:00","dateModified":"2026-02-11T12:01:59+00:00","breadcrumb":{"@id":"https:\/\/www.univ-lorraine.fr\/culture\/factuel-contenu-cult\/curieuse-conference-la-ou-le-mot-habite-maisons-dartistes-et-geographie-de-linspiration\/#breadcrumb"},"inLanguage":"fr-FR","potentialAction":[{"@type":"ReadAction","target":["https:\/\/www.univ-lorraine.fr\/culture\/factuel-contenu-cult\/curieuse-conference-la-ou-le-mot-habite-maisons-dartistes-et-geographie-de-linspiration\/"]}]},{"@type":"ImageObject","inLanguage":"fr-FR","@id":"https:\/\/www.univ-lorraine.fr\/culture\/factuel-contenu-cult\/curieuse-conference-la-ou-le-mot-habite-maisons-dartistes-et-geographie-de-linspiration\/#primaryimage","url":"https:\/\/www.univ-lorraine.fr\/culture\/wp-content\/uploads\/sites\/10\/2026\/02\/maison-ecrivain-3.jpg","contentUrl":"https:\/\/www.univ-lorraine.fr\/culture\/wp-content\/uploads\/sites\/10\/2026\/02\/maison-ecrivain-3.jpg","width":200,"height":300},{"@type":"BreadcrumbList","@id":"https:\/\/www.univ-lorraine.fr\/culture\/factuel-contenu-cult\/curieuse-conference-la-ou-le-mot-habite-maisons-dartistes-et-geographie-de-linspiration\/#breadcrumb","itemListElement":[{"@type":"ListItem","position":1,"name":"Accueil","item":"https:\/\/www.univ-lorraine.fr\/culture\/"},{"@type":"ListItem","position":2,"name":"Curieuse conf\u00e9rence : L\u00e0 o\u00f9 le mot habite : maisons d\u2019artistes et g\u00e9ographie de l\u2019inspiration"}]},{"@type":"WebSite","@id":"https:\/\/www.univ-lorraine.fr\/culture\/#website","url":"https:\/\/www.univ-lorraine.fr\/culture\/","name":"Culture","description":"","publisher":{"@id":"https:\/\/www.univ-lorraine.fr\/culture\/#organization"},"potentialAction":[{"@type":"SearchAction","target":{"@type":"EntryPoint","urlTemplate":"https:\/\/www.univ-lorraine.fr\/culture\/?s={search_term_string}"},"query-input":{"@type":"PropertyValueSpecification","valueRequired":true,"valueName":"search_term_string"}}],"inLanguage":"fr-FR"},{"@type":"Organization","@id":"https:\/\/www.univ-lorraine.fr\/culture\/#organization","name":"Universit\u00e9 de Lorraine","url":"https:\/\/www.univ-lorraine.fr\/culture\/","logo":{"@type":"ImageObject","inLanguage":"fr-FR","@id":"https:\/\/www.univ-lorraine.fr\/culture\/#\/schema\/logo\/image\/","url":"https:\/\/www.univ-lorraine.fr\/culture\/wp-content\/uploads\/sites\/10\/2021\/01\/LOGO_UL.png","contentUrl":"https:\/\/www.univ-lorraine.fr\/culture\/wp-content\/uploads\/sites\/10\/2021\/01\/LOGO_UL.png","width":138,"height":48,"caption":"Universit\u00e9 de Lorraine"},"image":{"@id":"https:\/\/www.univ-lorraine.fr\/culture\/#\/schema\/logo\/image\/"}}]}},"_links":{"self":[{"href":"https:\/\/www.univ-lorraine.fr\/culture\/wp-json\/wp\/v2\/factuel_contenu_cult\/10488","targetHints":{"allow":["GET"]}}],"collection":[{"href":"https:\/\/www.univ-lorraine.fr\/culture\/wp-json\/wp\/v2\/factuel_contenu_cult"}],"about":[{"href":"https:\/\/www.univ-lorraine.fr\/culture\/wp-json\/wp\/v2\/types\/factuel_contenu_cult"}],"wp:featuredmedia":[{"embeddable":true,"href":"https:\/\/www.univ-lorraine.fr\/culture\/wp-json\/wp\/v2\/media\/12114"}],"wp:attachment":[{"href":"https:\/\/www.univ-lorraine.fr\/culture\/wp-json\/wp\/v2\/media?parent=10488"}],"wp:term":[{"taxonomy":"factuel_-_type","embeddable":true,"href":"https:\/\/www.univ-lorraine.fr\/culture\/wp-json\/wp\/v2\/factuel_-_type?post=10488"},{"taxonomy":"factuel-ville","embeddable":true,"href":"https:\/\/www.univ-lorraine.fr\/culture\/wp-json\/wp\/v2\/factuel-ville?post=10488"},{"taxonomy":"factuel-mots-cles","embeddable":true,"href":"https:\/\/www.univ-lorraine.fr\/culture\/wp-json\/wp\/v2\/factuel-mots-cles?post=10488"},{"taxonomy":"factuel-kwd-culture","embeddable":true,"href":"https:\/\/www.univ-lorraine.fr\/culture\/wp-json\/wp\/v2\/factuel-kwd-culture?post=10488"}],"curies":[{"name":"wp","href":"https:\/\/api.w.org\/{rel}","templated":true}]}}