{"id":10494,"date":"2025-12-17T13:43:09","date_gmt":"2025-12-17T12:43:09","guid":{"rendered":"https:\/\/www.univ-lorraine.fr\/culture\/factuel-contenu-cult\/appel-a-candidatures-tremplin-musical-etudiant-360-festival\/"},"modified":"2026-02-11T13:02:02","modified_gmt":"2026-02-11T12:02:02","slug":"appel-a-candidatures-tremplin-musical-etudiant-360-festival","status":"publish","type":"factuel_contenu_cult","link":"https:\/\/www.univ-lorraine.fr\/culture\/factuel-contenu-cult\/appel-a-candidatures-tremplin-musical-etudiant-360-festival\/","title":{"rendered":"Appel \u00e0 candidatures &#8211; Tremplin Musical \u00c9tudiant &#8211; 360 Festival"},"content":{"rendered":"\n<p><p>Le 360\u00b0 Festival, l\u2019\u00e9v\u00e9nement de rentr\u00e9e \u00e9tudiante de Metz, lance son tremplin \u00e9tudiant pour la rentr\u00e9e 2026 !\u00a0 Comment participer ? Le tremplin est ouvert \u00e0 tous les artistes et groupes \u00e9tudiants en Lorraine, sous ces conditions : \u00catre \u00e9tudiant\u00b7e en Lorraine (tous niveaux et \u00e9tablissements). Pour les groupes : au moins la moiti\u00e9 des&#8230;<\/p><\/p>\n","protected":false},"template":"","factuel_-_type":[185],"factuel-ville":[1028],"factuel-mots-cles":[],"factuel-kwd-culture":[],"class_list":["post-10494","factuel_contenu_cult","type-factuel_contenu_cult","status-publish","has-post-thumbnail","hentry","factuel_-_type-evenement","factuel-ville-a-distance"],"yoast_head":"<!-- This site is optimized with the Yoast SEO plugin v27.4 - https:\/\/yoast.com\/product\/yoast-seo-wordpress\/ -->\n<title>Appel \u00e0 candidatures &#8211; Tremplin Musical \u00c9tudiant &#8211; 360 Festival - Culture<\/title>\n<meta name=\"robots\" content=\"index, follow, max-snippet:-1, max-image-preview:large, max-video-preview:-1\" \/>\n<link rel=\"canonical\" href=\"https:\/\/www.univ-lorraine.fr\/culture\/factuel-contenu-cult\/appel-a-candidatures-tremplin-musical-etudiant-360-festival\/\" \/>\n<meta property=\"og:locale\" content=\"fr_FR\" \/>\n<meta property=\"og:type\" content=\"article\" \/>\n<meta property=\"og:title\" content=\"Appel \u00e0 candidatures &#8211; Tremplin Musical \u00c9tudiant &#8211; 360 Festival - Culture\" \/>\n<meta property=\"og:description\" content=\"Le 360\u00b0 Festival, l\u2019\u00e9v\u00e9nement de rentr\u00e9e \u00e9tudiante de Metz, lance son tremplin \u00e9tudiant pour la rentr\u00e9e 2026 !\u00a0 Comment participer ? Le tremplin est ouvert \u00e0 tous les artistes et groupes \u00e9tudiants en Lorraine, sous ces conditions : \u00catre \u00e9tudiant\u00b7e en Lorraine (tous niveaux et \u00e9tablissements). Pour les groupes : au moins la moiti\u00e9 des&#8230;\" \/>\n<meta property=\"og:url\" content=\"https:\/\/www.univ-lorraine.fr\/culture\/factuel-contenu-cult\/appel-a-candidatures-tremplin-musical-etudiant-360-festival\/\" \/>\n<meta property=\"og:site_name\" content=\"Culture\" \/>\n<meta property=\"article:modified_time\" content=\"2026-02-11T12:02:02+00:00\" \/>\n<meta property=\"og:image\" content=\"https:\/\/www.univ-lorraine.fr\/culture\/wp-content\/uploads\/sites\/10\/2026\/02\/360-festival-publication-instagram-3.jpg\" \/>\n\t<meta property=\"og:image:width\" content=\"1080\" \/>\n\t<meta property=\"og:image:height\" content=\"1080\" \/>\n\t<meta property=\"og:image:type\" content=\"image\/jpeg\" \/>\n<meta name=\"twitter:card\" content=\"summary_large_image\" \/>\n<script type=\"application\/ld+json\" class=\"yoast-schema-graph\">{\"@context\":\"https:\\\/\\\/schema.org\",\"@graph\":[{\"@type\":\"WebPage\",\"@id\":\"https:\\\/\\\/www.univ-lorraine.fr\\\/culture\\\/factuel-contenu-cult\\\/appel-a-candidatures-tremplin-musical-etudiant-360-festival\\\/\",\"url\":\"https:\\\/\\\/www.univ-lorraine.fr\\\/culture\\\/factuel-contenu-cult\\\/appel-a-candidatures-tremplin-musical-etudiant-360-festival\\\/\",\"name\":\"Appel \u00e0 candidatures &#8211; Tremplin Musical \u00c9tudiant &#8211; 360 Festival - Culture\",\"isPartOf\":{\"@id\":\"https:\\\/\\\/www.univ-lorraine.fr\\\/culture\\\/#website\"},\"primaryImageOfPage\":{\"@id\":\"https:\\\/\\\/www.univ-lorraine.fr\\\/culture\\\/factuel-contenu-cult\\\/appel-a-candidatures-tremplin-musical-etudiant-360-festival\\\/#primaryimage\"},\"image\":{\"@id\":\"https:\\\/\\\/www.univ-lorraine.fr\\\/culture\\\/factuel-contenu-cult\\\/appel-a-candidatures-tremplin-musical-etudiant-360-festival\\\/#primaryimage\"},\"thumbnailUrl\":\"https:\\\/\\\/www.univ-lorraine.fr\\\/culture\\\/wp-content\\\/uploads\\\/sites\\\/10\\\/2026\\\/02\\\/360-festival-publication-instagram-3.jpg\",\"datePublished\":\"2025-12-17T12:43:09+00:00\",\"dateModified\":\"2026-02-11T12:02:02+00:00\",\"breadcrumb\":{\"@id\":\"https:\\\/\\\/www.univ-lorraine.fr\\\/culture\\\/factuel-contenu-cult\\\/appel-a-candidatures-tremplin-musical-etudiant-360-festival\\\/#breadcrumb\"},\"inLanguage\":\"fr-FR\",\"potentialAction\":[{\"@type\":\"ReadAction\",\"target\":[\"https:\\\/\\\/www.univ-lorraine.fr\\\/culture\\\/factuel-contenu-cult\\\/appel-a-candidatures-tremplin-musical-etudiant-360-festival\\\/\"]}]},{\"@type\":\"ImageObject\",\"inLanguage\":\"fr-FR\",\"@id\":\"https:\\\/\\\/www.univ-lorraine.fr\\\/culture\\\/factuel-contenu-cult\\\/appel-a-candidatures-tremplin-musical-etudiant-360-festival\\\/#primaryimage\",\"url\":\"https:\\\/\\\/www.univ-lorraine.fr\\\/culture\\\/wp-content\\\/uploads\\\/sites\\\/10\\\/2026\\\/02\\\/360-festival-publication-instagram-3.jpg\",\"contentUrl\":\"https:\\\/\\\/www.univ-lorraine.fr\\\/culture\\\/wp-content\\\/uploads\\\/sites\\\/10\\\/2026\\\/02\\\/360-festival-publication-instagram-3.jpg\",\"width\":1080,\"height\":1080},{\"@type\":\"BreadcrumbList\",\"@id\":\"https:\\\/\\\/www.univ-lorraine.fr\\\/culture\\\/factuel-contenu-cult\\\/appel-a-candidatures-tremplin-musical-etudiant-360-festival\\\/#breadcrumb\",\"itemListElement\":[{\"@type\":\"ListItem\",\"position\":1,\"name\":\"Accueil\",\"item\":\"https:\\\/\\\/www.univ-lorraine.fr\\\/culture\\\/\"},{\"@type\":\"ListItem\",\"position\":2,\"name\":\"Appel \u00e0 candidatures &#8211; Tremplin Musical \u00c9tudiant &#8211; 360 Festival\"}]},{\"@type\":\"WebSite\",\"@id\":\"https:\\\/\\\/www.univ-lorraine.fr\\\/culture\\\/#website\",\"url\":\"https:\\\/\\\/www.univ-lorraine.fr\\\/culture\\\/\",\"name\":\"Culture\",\"description\":\"\",\"publisher\":{\"@id\":\"https:\\\/\\\/www.univ-lorraine.fr\\\/culture\\\/#organization\"},\"potentialAction\":[{\"@type\":\"SearchAction\",\"target\":{\"@type\":\"EntryPoint\",\"urlTemplate\":\"https:\\\/\\\/www.univ-lorraine.fr\\\/culture\\\/?s={search_term_string}\"},\"query-input\":{\"@type\":\"PropertyValueSpecification\",\"valueRequired\":true,\"valueName\":\"search_term_string\"}}],\"inLanguage\":\"fr-FR\"},{\"@type\":\"Organization\",\"@id\":\"https:\\\/\\\/www.univ-lorraine.fr\\\/culture\\\/#organization\",\"name\":\"Universit\u00e9 de Lorraine\",\"url\":\"https:\\\/\\\/www.univ-lorraine.fr\\\/culture\\\/\",\"logo\":{\"@type\":\"ImageObject\",\"inLanguage\":\"fr-FR\",\"@id\":\"https:\\\/\\\/www.univ-lorraine.fr\\\/culture\\\/#\\\/schema\\\/logo\\\/image\\\/\",\"url\":\"https:\\\/\\\/www.univ-lorraine.fr\\\/culture\\\/wp-content\\\/uploads\\\/sites\\\/10\\\/2021\\\/01\\\/LOGO_UL.png\",\"contentUrl\":\"https:\\\/\\\/www.univ-lorraine.fr\\\/culture\\\/wp-content\\\/uploads\\\/sites\\\/10\\\/2021\\\/01\\\/LOGO_UL.png\",\"width\":138,\"height\":48,\"caption\":\"Universit\u00e9 de Lorraine\"},\"image\":{\"@id\":\"https:\\\/\\\/www.univ-lorraine.fr\\\/culture\\\/#\\\/schema\\\/logo\\\/image\\\/\"}}]}<\/script>\n<!-- \/ Yoast SEO plugin. -->","yoast_head_json":{"title":"Appel \u00e0 candidatures &#8211; Tremplin Musical \u00c9tudiant &#8211; 360 Festival - Culture","robots":{"index":"index","follow":"follow","max-snippet":"max-snippet:-1","max-image-preview":"max-image-preview:large","max-video-preview":"max-video-preview:-1"},"canonical":"https:\/\/www.univ-lorraine.fr\/culture\/factuel-contenu-cult\/appel-a-candidatures-tremplin-musical-etudiant-360-festival\/","og_locale":"fr_FR","og_type":"article","og_title":"Appel \u00e0 candidatures &#8211; Tremplin Musical \u00c9tudiant &#8211; 360 Festival - Culture","og_description":"Le 360\u00b0 Festival, l\u2019\u00e9v\u00e9nement de rentr\u00e9e \u00e9tudiante de Metz, lance son tremplin \u00e9tudiant pour la rentr\u00e9e 2026 !\u00a0 Comment participer ? Le tremplin est ouvert \u00e0 tous les artistes et groupes \u00e9tudiants en Lorraine, sous ces conditions : \u00catre \u00e9tudiant\u00b7e en Lorraine (tous niveaux et \u00e9tablissements). Pour les groupes : au moins la moiti\u00e9 des&#8230;","og_url":"https:\/\/www.univ-lorraine.fr\/culture\/factuel-contenu-cult\/appel-a-candidatures-tremplin-musical-etudiant-360-festival\/","og_site_name":"Culture","article_modified_time":"2026-02-11T12:02:02+00:00","og_image":[{"width":1080,"height":1080,"url":"https:\/\/www.univ-lorraine.fr\/culture\/wp-content\/uploads\/sites\/10\/2026\/02\/360-festival-publication-instagram-3.jpg","type":"image\/jpeg"}],"twitter_card":"summary_large_image","schema":{"@context":"https:\/\/schema.org","@graph":[{"@type":"WebPage","@id":"https:\/\/www.univ-lorraine.fr\/culture\/factuel-contenu-cult\/appel-a-candidatures-tremplin-musical-etudiant-360-festival\/","url":"https:\/\/www.univ-lorraine.fr\/culture\/factuel-contenu-cult\/appel-a-candidatures-tremplin-musical-etudiant-360-festival\/","name":"Appel \u00e0 candidatures &#8211; Tremplin Musical \u00c9tudiant &#8211; 360 Festival - Culture","isPartOf":{"@id":"https:\/\/www.univ-lorraine.fr\/culture\/#website"},"primaryImageOfPage":{"@id":"https:\/\/www.univ-lorraine.fr\/culture\/factuel-contenu-cult\/appel-a-candidatures-tremplin-musical-etudiant-360-festival\/#primaryimage"},"image":{"@id":"https:\/\/www.univ-lorraine.fr\/culture\/factuel-contenu-cult\/appel-a-candidatures-tremplin-musical-etudiant-360-festival\/#primaryimage"},"thumbnailUrl":"https:\/\/www.univ-lorraine.fr\/culture\/wp-content\/uploads\/sites\/10\/2026\/02\/360-festival-publication-instagram-3.jpg","datePublished":"2025-12-17T12:43:09+00:00","dateModified":"2026-02-11T12:02:02+00:00","breadcrumb":{"@id":"https:\/\/www.univ-lorraine.fr\/culture\/factuel-contenu-cult\/appel-a-candidatures-tremplin-musical-etudiant-360-festival\/#breadcrumb"},"inLanguage":"fr-FR","potentialAction":[{"@type":"ReadAction","target":["https:\/\/www.univ-lorraine.fr\/culture\/factuel-contenu-cult\/appel-a-candidatures-tremplin-musical-etudiant-360-festival\/"]}]},{"@type":"ImageObject","inLanguage":"fr-FR","@id":"https:\/\/www.univ-lorraine.fr\/culture\/factuel-contenu-cult\/appel-a-candidatures-tremplin-musical-etudiant-360-festival\/#primaryimage","url":"https:\/\/www.univ-lorraine.fr\/culture\/wp-content\/uploads\/sites\/10\/2026\/02\/360-festival-publication-instagram-3.jpg","contentUrl":"https:\/\/www.univ-lorraine.fr\/culture\/wp-content\/uploads\/sites\/10\/2026\/02\/360-festival-publication-instagram-3.jpg","width":1080,"height":1080},{"@type":"BreadcrumbList","@id":"https:\/\/www.univ-lorraine.fr\/culture\/factuel-contenu-cult\/appel-a-candidatures-tremplin-musical-etudiant-360-festival\/#breadcrumb","itemListElement":[{"@type":"ListItem","position":1,"name":"Accueil","item":"https:\/\/www.univ-lorraine.fr\/culture\/"},{"@type":"ListItem","position":2,"name":"Appel \u00e0 candidatures &#8211; Tremplin Musical \u00c9tudiant &#8211; 360 Festival"}]},{"@type":"WebSite","@id":"https:\/\/www.univ-lorraine.fr\/culture\/#website","url":"https:\/\/www.univ-lorraine.fr\/culture\/","name":"Culture","description":"","publisher":{"@id":"https:\/\/www.univ-lorraine.fr\/culture\/#organization"},"potentialAction":[{"@type":"SearchAction","target":{"@type":"EntryPoint","urlTemplate":"https:\/\/www.univ-lorraine.fr\/culture\/?s={search_term_string}"},"query-input":{"@type":"PropertyValueSpecification","valueRequired":true,"valueName":"search_term_string"}}],"inLanguage":"fr-FR"},{"@type":"Organization","@id":"https:\/\/www.univ-lorraine.fr\/culture\/#organization","name":"Universit\u00e9 de Lorraine","url":"https:\/\/www.univ-lorraine.fr\/culture\/","logo":{"@type":"ImageObject","inLanguage":"fr-FR","@id":"https:\/\/www.univ-lorraine.fr\/culture\/#\/schema\/logo\/image\/","url":"https:\/\/www.univ-lorraine.fr\/culture\/wp-content\/uploads\/sites\/10\/2021\/01\/LOGO_UL.png","contentUrl":"https:\/\/www.univ-lorraine.fr\/culture\/wp-content\/uploads\/sites\/10\/2021\/01\/LOGO_UL.png","width":138,"height":48,"caption":"Universit\u00e9 de Lorraine"},"image":{"@id":"https:\/\/www.univ-lorraine.fr\/culture\/#\/schema\/logo\/image\/"}}]}},"_links":{"self":[{"href":"https:\/\/www.univ-lorraine.fr\/culture\/wp-json\/wp\/v2\/factuel_contenu_cult\/10494","targetHints":{"allow":["GET"]}}],"collection":[{"href":"https:\/\/www.univ-lorraine.fr\/culture\/wp-json\/wp\/v2\/factuel_contenu_cult"}],"about":[{"href":"https:\/\/www.univ-lorraine.fr\/culture\/wp-json\/wp\/v2\/types\/factuel_contenu_cult"}],"wp:featuredmedia":[{"embeddable":true,"href":"https:\/\/www.univ-lorraine.fr\/culture\/wp-json\/wp\/v2\/media\/12117"}],"wp:attachment":[{"href":"https:\/\/www.univ-lorraine.fr\/culture\/wp-json\/wp\/v2\/media?parent=10494"}],"wp:term":[{"taxonomy":"factuel_-_type","embeddable":true,"href":"https:\/\/www.univ-lorraine.fr\/culture\/wp-json\/wp\/v2\/factuel_-_type?post=10494"},{"taxonomy":"factuel-ville","embeddable":true,"href":"https:\/\/www.univ-lorraine.fr\/culture\/wp-json\/wp\/v2\/factuel-ville?post=10494"},{"taxonomy":"factuel-mots-cles","embeddable":true,"href":"https:\/\/www.univ-lorraine.fr\/culture\/wp-json\/wp\/v2\/factuel-mots-cles?post=10494"},{"taxonomy":"factuel-kwd-culture","embeddable":true,"href":"https:\/\/www.univ-lorraine.fr\/culture\/wp-json\/wp\/v2\/factuel-kwd-culture?post=10494"}],"curies":[{"name":"wp","href":"https:\/\/api.w.org\/{rel}","templated":true}]}}