{"id":10496,"date":"2025-12-17T10:08:47","date_gmt":"2025-12-17T09:08:47","guid":{"rendered":"https:\/\/www.univ-lorraine.fr\/culture\/factuel-contenu-cult\/6eme-festival-international-de-sociologie-resister-au-xxieme-siecle\/"},"modified":"2026-02-11T13:02:04","modified_gmt":"2026-02-11T12:02:04","slug":"6eme-festival-international-de-sociologie-resister-au-xxieme-siecle","status":"publish","type":"factuel_contenu_cult","link":"https:\/\/www.univ-lorraine.fr\/culture\/factuel-contenu-cult\/6eme-festival-international-de-sociologie-resister-au-xxieme-siecle\/","title":{"rendered":"6\u00e9me Festival International de Sociologie : R\u00e9sister au XXI\u00e9me si\u00e8cle"},"content":{"rendered":"\n<p><p>\u00a0Appel \u00e0 communications pour le colloque Festival International de Sociologie \u2013 6\u00e8me \u00e9dition \u00c9pinal du 12 au 16 octobre 2026 \u00a0 R\u00e9sister au 21\u00e8me si\u00e8cle \u00a0 Coorganis\u00e9 par le Laboratoire de sociologie Territoire, Travail, \u00c2ge et Sant\u00e9 (TETRAS) de l\u2019Universit\u00e9 de Lorraine et par la Soci\u00e9t\u00e9 d\u2019\u00c9mulation des Vosges (SEV), le Festival International de Sociologie&#8230;<\/p><\/p>\n","protected":false},"template":"","factuel_-_type":[185],"factuel-ville":[1069],"factuel-mots-cles":[],"factuel-kwd-culture":[],"class_list":["post-10496","factuel_contenu_cult","type-factuel_contenu_cult","status-publish","has-post-thumbnail","hentry","factuel_-_type-evenement","factuel-ville-epinal"],"yoast_head":"<!-- This site is optimized with the Yoast SEO plugin v27.4 - https:\/\/yoast.com\/product\/yoast-seo-wordpress\/ -->\n<title>6\u00e9me Festival International de Sociologie : R\u00e9sister au XXI\u00e9me si\u00e8cle - Culture<\/title>\n<meta name=\"robots\" content=\"index, follow, max-snippet:-1, max-image-preview:large, max-video-preview:-1\" \/>\n<link rel=\"canonical\" href=\"https:\/\/www.univ-lorraine.fr\/culture\/factuel-contenu-cult\/6eme-festival-international-de-sociologie-resister-au-xxieme-siecle\/\" \/>\n<meta property=\"og:locale\" content=\"fr_FR\" \/>\n<meta property=\"og:type\" content=\"article\" \/>\n<meta property=\"og:title\" content=\"6\u00e9me Festival International de Sociologie : R\u00e9sister au XXI\u00e9me si\u00e8cle - Culture\" \/>\n<meta property=\"og:description\" content=\"\u00a0Appel \u00e0 communications pour le colloque Festival International de Sociologie \u2013 6\u00e8me \u00e9dition \u00c9pinal du 12 au 16 octobre 2026 \u00a0 R\u00e9sister au 21\u00e8me si\u00e8cle \u00a0 Coorganis\u00e9 par le Laboratoire de sociologie Territoire, Travail, \u00c2ge et Sant\u00e9 (TETRAS) de l\u2019Universit\u00e9 de Lorraine et par la Soci\u00e9t\u00e9 d\u2019\u00c9mulation des Vosges (SEV), le Festival International de Sociologie&#8230;\" \/>\n<meta property=\"og:url\" content=\"https:\/\/www.univ-lorraine.fr\/culture\/factuel-contenu-cult\/6eme-festival-international-de-sociologie-resister-au-xxieme-siecle\/\" \/>\n<meta property=\"og:site_name\" content=\"Culture\" \/>\n<meta property=\"article:modified_time\" content=\"2026-02-11T12:02:04+00:00\" \/>\n<meta property=\"og:image\" content=\"https:\/\/www.univ-lorraine.fr\/culture\/wp-content\/uploads\/sites\/10\/2026\/02\/logo_fiso_noiretblanc5-3.png\" \/>\n\t<meta property=\"og:image:width\" content=\"779\" \/>\n\t<meta property=\"og:image:height\" content=\"338\" \/>\n\t<meta property=\"og:image:type\" content=\"image\/png\" \/>\n<meta name=\"twitter:card\" content=\"summary_large_image\" \/>\n<script type=\"application\/ld+json\" class=\"yoast-schema-graph\">{\"@context\":\"https:\\\/\\\/schema.org\",\"@graph\":[{\"@type\":\"WebPage\",\"@id\":\"https:\\\/\\\/www.univ-lorraine.fr\\\/culture\\\/factuel-contenu-cult\\\/6eme-festival-international-de-sociologie-resister-au-xxieme-siecle\\\/\",\"url\":\"https:\\\/\\\/www.univ-lorraine.fr\\\/culture\\\/factuel-contenu-cult\\\/6eme-festival-international-de-sociologie-resister-au-xxieme-siecle\\\/\",\"name\":\"6\u00e9me Festival International de Sociologie : R\u00e9sister au XXI\u00e9me si\u00e8cle - Culture\",\"isPartOf\":{\"@id\":\"https:\\\/\\\/www.univ-lorraine.fr\\\/culture\\\/#website\"},\"primaryImageOfPage\":{\"@id\":\"https:\\\/\\\/www.univ-lorraine.fr\\\/culture\\\/factuel-contenu-cult\\\/6eme-festival-international-de-sociologie-resister-au-xxieme-siecle\\\/#primaryimage\"},\"image\":{\"@id\":\"https:\\\/\\\/www.univ-lorraine.fr\\\/culture\\\/factuel-contenu-cult\\\/6eme-festival-international-de-sociologie-resister-au-xxieme-siecle\\\/#primaryimage\"},\"thumbnailUrl\":\"https:\\\/\\\/www.univ-lorraine.fr\\\/culture\\\/wp-content\\\/uploads\\\/sites\\\/10\\\/2026\\\/02\\\/logo_fiso_noiretblanc5-3.png\",\"datePublished\":\"2025-12-17T09:08:47+00:00\",\"dateModified\":\"2026-02-11T12:02:04+00:00\",\"breadcrumb\":{\"@id\":\"https:\\\/\\\/www.univ-lorraine.fr\\\/culture\\\/factuel-contenu-cult\\\/6eme-festival-international-de-sociologie-resister-au-xxieme-siecle\\\/#breadcrumb\"},\"inLanguage\":\"fr-FR\",\"potentialAction\":[{\"@type\":\"ReadAction\",\"target\":[\"https:\\\/\\\/www.univ-lorraine.fr\\\/culture\\\/factuel-contenu-cult\\\/6eme-festival-international-de-sociologie-resister-au-xxieme-siecle\\\/\"]}]},{\"@type\":\"ImageObject\",\"inLanguage\":\"fr-FR\",\"@id\":\"https:\\\/\\\/www.univ-lorraine.fr\\\/culture\\\/factuel-contenu-cult\\\/6eme-festival-international-de-sociologie-resister-au-xxieme-siecle\\\/#primaryimage\",\"url\":\"https:\\\/\\\/www.univ-lorraine.fr\\\/culture\\\/wp-content\\\/uploads\\\/sites\\\/10\\\/2026\\\/02\\\/logo_fiso_noiretblanc5-3.png\",\"contentUrl\":\"https:\\\/\\\/www.univ-lorraine.fr\\\/culture\\\/wp-content\\\/uploads\\\/sites\\\/10\\\/2026\\\/02\\\/logo_fiso_noiretblanc5-3.png\",\"width\":779,\"height\":338},{\"@type\":\"BreadcrumbList\",\"@id\":\"https:\\\/\\\/www.univ-lorraine.fr\\\/culture\\\/factuel-contenu-cult\\\/6eme-festival-international-de-sociologie-resister-au-xxieme-siecle\\\/#breadcrumb\",\"itemListElement\":[{\"@type\":\"ListItem\",\"position\":1,\"name\":\"Accueil\",\"item\":\"https:\\\/\\\/www.univ-lorraine.fr\\\/culture\\\/\"},{\"@type\":\"ListItem\",\"position\":2,\"name\":\"6\u00e9me Festival International de Sociologie : R\u00e9sister au XXI\u00e9me si\u00e8cle\"}]},{\"@type\":\"WebSite\",\"@id\":\"https:\\\/\\\/www.univ-lorraine.fr\\\/culture\\\/#website\",\"url\":\"https:\\\/\\\/www.univ-lorraine.fr\\\/culture\\\/\",\"name\":\"Culture\",\"description\":\"\",\"publisher\":{\"@id\":\"https:\\\/\\\/www.univ-lorraine.fr\\\/culture\\\/#organization\"},\"potentialAction\":[{\"@type\":\"SearchAction\",\"target\":{\"@type\":\"EntryPoint\",\"urlTemplate\":\"https:\\\/\\\/www.univ-lorraine.fr\\\/culture\\\/?s={search_term_string}\"},\"query-input\":{\"@type\":\"PropertyValueSpecification\",\"valueRequired\":true,\"valueName\":\"search_term_string\"}}],\"inLanguage\":\"fr-FR\"},{\"@type\":\"Organization\",\"@id\":\"https:\\\/\\\/www.univ-lorraine.fr\\\/culture\\\/#organization\",\"name\":\"Universit\u00e9 de Lorraine\",\"url\":\"https:\\\/\\\/www.univ-lorraine.fr\\\/culture\\\/\",\"logo\":{\"@type\":\"ImageObject\",\"inLanguage\":\"fr-FR\",\"@id\":\"https:\\\/\\\/www.univ-lorraine.fr\\\/culture\\\/#\\\/schema\\\/logo\\\/image\\\/\",\"url\":\"https:\\\/\\\/www.univ-lorraine.fr\\\/culture\\\/wp-content\\\/uploads\\\/sites\\\/10\\\/2021\\\/01\\\/LOGO_UL.png\",\"contentUrl\":\"https:\\\/\\\/www.univ-lorraine.fr\\\/culture\\\/wp-content\\\/uploads\\\/sites\\\/10\\\/2021\\\/01\\\/LOGO_UL.png\",\"width\":138,\"height\":48,\"caption\":\"Universit\u00e9 de Lorraine\"},\"image\":{\"@id\":\"https:\\\/\\\/www.univ-lorraine.fr\\\/culture\\\/#\\\/schema\\\/logo\\\/image\\\/\"}}]}<\/script>\n<!-- \/ Yoast SEO plugin. -->","yoast_head_json":{"title":"6\u00e9me Festival International de Sociologie : R\u00e9sister au XXI\u00e9me si\u00e8cle - Culture","robots":{"index":"index","follow":"follow","max-snippet":"max-snippet:-1","max-image-preview":"max-image-preview:large","max-video-preview":"max-video-preview:-1"},"canonical":"https:\/\/www.univ-lorraine.fr\/culture\/factuel-contenu-cult\/6eme-festival-international-de-sociologie-resister-au-xxieme-siecle\/","og_locale":"fr_FR","og_type":"article","og_title":"6\u00e9me Festival International de Sociologie : R\u00e9sister au XXI\u00e9me si\u00e8cle - Culture","og_description":"\u00a0Appel \u00e0 communications pour le colloque Festival International de Sociologie \u2013 6\u00e8me \u00e9dition \u00c9pinal du 12 au 16 octobre 2026 \u00a0 R\u00e9sister au 21\u00e8me si\u00e8cle \u00a0 Coorganis\u00e9 par le Laboratoire de sociologie Territoire, Travail, \u00c2ge et Sant\u00e9 (TETRAS) de l\u2019Universit\u00e9 de Lorraine et par la Soci\u00e9t\u00e9 d\u2019\u00c9mulation des Vosges (SEV), le Festival International de Sociologie&#8230;","og_url":"https:\/\/www.univ-lorraine.fr\/culture\/factuel-contenu-cult\/6eme-festival-international-de-sociologie-resister-au-xxieme-siecle\/","og_site_name":"Culture","article_modified_time":"2026-02-11T12:02:04+00:00","og_image":[{"width":779,"height":338,"url":"https:\/\/www.univ-lorraine.fr\/culture\/wp-content\/uploads\/sites\/10\/2026\/02\/logo_fiso_noiretblanc5-3.png","type":"image\/png"}],"twitter_card":"summary_large_image","schema":{"@context":"https:\/\/schema.org","@graph":[{"@type":"WebPage","@id":"https:\/\/www.univ-lorraine.fr\/culture\/factuel-contenu-cult\/6eme-festival-international-de-sociologie-resister-au-xxieme-siecle\/","url":"https:\/\/www.univ-lorraine.fr\/culture\/factuel-contenu-cult\/6eme-festival-international-de-sociologie-resister-au-xxieme-siecle\/","name":"6\u00e9me Festival International de Sociologie : R\u00e9sister au XXI\u00e9me si\u00e8cle - Culture","isPartOf":{"@id":"https:\/\/www.univ-lorraine.fr\/culture\/#website"},"primaryImageOfPage":{"@id":"https:\/\/www.univ-lorraine.fr\/culture\/factuel-contenu-cult\/6eme-festival-international-de-sociologie-resister-au-xxieme-siecle\/#primaryimage"},"image":{"@id":"https:\/\/www.univ-lorraine.fr\/culture\/factuel-contenu-cult\/6eme-festival-international-de-sociologie-resister-au-xxieme-siecle\/#primaryimage"},"thumbnailUrl":"https:\/\/www.univ-lorraine.fr\/culture\/wp-content\/uploads\/sites\/10\/2026\/02\/logo_fiso_noiretblanc5-3.png","datePublished":"2025-12-17T09:08:47+00:00","dateModified":"2026-02-11T12:02:04+00:00","breadcrumb":{"@id":"https:\/\/www.univ-lorraine.fr\/culture\/factuel-contenu-cult\/6eme-festival-international-de-sociologie-resister-au-xxieme-siecle\/#breadcrumb"},"inLanguage":"fr-FR","potentialAction":[{"@type":"ReadAction","target":["https:\/\/www.univ-lorraine.fr\/culture\/factuel-contenu-cult\/6eme-festival-international-de-sociologie-resister-au-xxieme-siecle\/"]}]},{"@type":"ImageObject","inLanguage":"fr-FR","@id":"https:\/\/www.univ-lorraine.fr\/culture\/factuel-contenu-cult\/6eme-festival-international-de-sociologie-resister-au-xxieme-siecle\/#primaryimage","url":"https:\/\/www.univ-lorraine.fr\/culture\/wp-content\/uploads\/sites\/10\/2026\/02\/logo_fiso_noiretblanc5-3.png","contentUrl":"https:\/\/www.univ-lorraine.fr\/culture\/wp-content\/uploads\/sites\/10\/2026\/02\/logo_fiso_noiretblanc5-3.png","width":779,"height":338},{"@type":"BreadcrumbList","@id":"https:\/\/www.univ-lorraine.fr\/culture\/factuel-contenu-cult\/6eme-festival-international-de-sociologie-resister-au-xxieme-siecle\/#breadcrumb","itemListElement":[{"@type":"ListItem","position":1,"name":"Accueil","item":"https:\/\/www.univ-lorraine.fr\/culture\/"},{"@type":"ListItem","position":2,"name":"6\u00e9me Festival International de Sociologie : R\u00e9sister au XXI\u00e9me si\u00e8cle"}]},{"@type":"WebSite","@id":"https:\/\/www.univ-lorraine.fr\/culture\/#website","url":"https:\/\/www.univ-lorraine.fr\/culture\/","name":"Culture","description":"","publisher":{"@id":"https:\/\/www.univ-lorraine.fr\/culture\/#organization"},"potentialAction":[{"@type":"SearchAction","target":{"@type":"EntryPoint","urlTemplate":"https:\/\/www.univ-lorraine.fr\/culture\/?s={search_term_string}"},"query-input":{"@type":"PropertyValueSpecification","valueRequired":true,"valueName":"search_term_string"}}],"inLanguage":"fr-FR"},{"@type":"Organization","@id":"https:\/\/www.univ-lorraine.fr\/culture\/#organization","name":"Universit\u00e9 de Lorraine","url":"https:\/\/www.univ-lorraine.fr\/culture\/","logo":{"@type":"ImageObject","inLanguage":"fr-FR","@id":"https:\/\/www.univ-lorraine.fr\/culture\/#\/schema\/logo\/image\/","url":"https:\/\/www.univ-lorraine.fr\/culture\/wp-content\/uploads\/sites\/10\/2021\/01\/LOGO_UL.png","contentUrl":"https:\/\/www.univ-lorraine.fr\/culture\/wp-content\/uploads\/sites\/10\/2021\/01\/LOGO_UL.png","width":138,"height":48,"caption":"Universit\u00e9 de Lorraine"},"image":{"@id":"https:\/\/www.univ-lorraine.fr\/culture\/#\/schema\/logo\/image\/"}}]}},"_links":{"self":[{"href":"https:\/\/www.univ-lorraine.fr\/culture\/wp-json\/wp\/v2\/factuel_contenu_cult\/10496","targetHints":{"allow":["GET"]}}],"collection":[{"href":"https:\/\/www.univ-lorraine.fr\/culture\/wp-json\/wp\/v2\/factuel_contenu_cult"}],"about":[{"href":"https:\/\/www.univ-lorraine.fr\/culture\/wp-json\/wp\/v2\/types\/factuel_contenu_cult"}],"wp:featuredmedia":[{"embeddable":true,"href":"https:\/\/www.univ-lorraine.fr\/culture\/wp-json\/wp\/v2\/media\/12118"}],"wp:attachment":[{"href":"https:\/\/www.univ-lorraine.fr\/culture\/wp-json\/wp\/v2\/media?parent=10496"}],"wp:term":[{"taxonomy":"factuel_-_type","embeddable":true,"href":"https:\/\/www.univ-lorraine.fr\/culture\/wp-json\/wp\/v2\/factuel_-_type?post=10496"},{"taxonomy":"factuel-ville","embeddable":true,"href":"https:\/\/www.univ-lorraine.fr\/culture\/wp-json\/wp\/v2\/factuel-ville?post=10496"},{"taxonomy":"factuel-mots-cles","embeddable":true,"href":"https:\/\/www.univ-lorraine.fr\/culture\/wp-json\/wp\/v2\/factuel-mots-cles?post=10496"},{"taxonomy":"factuel-kwd-culture","embeddable":true,"href":"https:\/\/www.univ-lorraine.fr\/culture\/wp-json\/wp\/v2\/factuel-kwd-culture?post=10496"}],"curies":[{"name":"wp","href":"https:\/\/api.w.org\/{rel}","templated":true}]}}