{"id":10498,"date":"2025-12-16T08:04:01","date_gmt":"2025-12-16T07:04:01","guid":{"rendered":"https:\/\/www.univ-lorraine.fr\/culture\/factuel-contenu-cult\/rencontre-litteraire-avec-sylvain-prudhomme-le-28-janvier\/"},"modified":"2026-02-11T13:02:05","modified_gmt":"2026-02-11T12:02:05","slug":"rencontre-litteraire-avec-sylvain-prudhomme-le-28-janvier","status":"publish","type":"factuel_contenu_cult","link":"https:\/\/www.univ-lorraine.fr\/culture\/factuel-contenu-cult\/rencontre-litteraire-avec-sylvain-prudhomme-le-28-janvier\/","title":{"rendered":"Rencontre litt\u00e9raire avec Sylvain Prudhomme le 28 janvier"},"content":{"rendered":"\n<p><p>Cette ann\u00e9e, le prix litt\u00e9raire Fronti\u00e8res conna\u00eet quelques changements : un concours de nouvelles \u00e0 destination des \u00e9tudiants, des ateliers d\u2019\u00e9criture et une rencontre litt\u00e9raire sur la th\u00e9matique phare du prix. \u00a0 Pour cette premi\u00e8re ann\u00e9e, la BU Lettres Sciences Humaines et Sociales accueillera Sylvain Prudhomme, laur\u00e9at du prix en 2024 pour son roman L\u2019enfant&#8230;<\/p><\/p>\n","protected":false},"template":"","factuel_-_type":[185],"factuel-ville":[1006],"factuel-mots-cles":[],"factuel-kwd-culture":[1033],"class_list":["post-10498","factuel_contenu_cult","type-factuel_contenu_cult","status-publish","has-post-thumbnail","hentry","factuel_-_type-evenement","factuel-ville-nancy-et-agglomeration","factuel-kwd-culture-table-ronde"],"yoast_head":"<!-- This site is optimized with the Yoast SEO plugin v27.4 - https:\/\/yoast.com\/product\/yoast-seo-wordpress\/ -->\n<title>Rencontre litt\u00e9raire avec Sylvain Prudhomme le 28 janvier - Culture<\/title>\n<meta name=\"robots\" content=\"index, follow, max-snippet:-1, max-image-preview:large, max-video-preview:-1\" \/>\n<link rel=\"canonical\" href=\"https:\/\/www.univ-lorraine.fr\/culture\/factuel-contenu-cult\/rencontre-litteraire-avec-sylvain-prudhomme-le-28-janvier\/\" \/>\n<meta property=\"og:locale\" content=\"fr_FR\" \/>\n<meta property=\"og:type\" content=\"article\" \/>\n<meta property=\"og:title\" content=\"Rencontre litt\u00e9raire avec Sylvain Prudhomme le 28 janvier - Culture\" \/>\n<meta property=\"og:description\" content=\"Cette ann\u00e9e, le prix litt\u00e9raire Fronti\u00e8res conna\u00eet quelques changements : un concours de nouvelles \u00e0 destination des \u00e9tudiants, des ateliers d\u2019\u00e9criture et une rencontre litt\u00e9raire sur la th\u00e9matique phare du prix. \u00a0 Pour cette premi\u00e8re ann\u00e9e, la BU Lettres Sciences Humaines et Sociales accueillera Sylvain Prudhomme, laur\u00e9at du prix en 2024 pour son roman L\u2019enfant&#8230;\" \/>\n<meta property=\"og:url\" content=\"https:\/\/www.univ-lorraine.fr\/culture\/factuel-contenu-cult\/rencontre-litteraire-avec-sylvain-prudhomme-le-28-janvier\/\" \/>\n<meta property=\"og:site_name\" content=\"Culture\" \/>\n<meta property=\"article:modified_time\" content=\"2026-02-11T12:02:05+00:00\" \/>\n<meta property=\"og:image\" content=\"https:\/\/www.univ-lorraine.fr\/culture\/wp-content\/uploads\/sites\/10\/2026\/02\/afficherencontre-litteraire-2-3.jpg\" \/>\n\t<meta property=\"og:image:width\" content=\"555\" \/>\n\t<meta property=\"og:image:height\" content=\"785\" \/>\n\t<meta property=\"og:image:type\" content=\"image\/jpeg\" \/>\n<meta name=\"twitter:card\" content=\"summary_large_image\" \/>\n<script type=\"application\/ld+json\" class=\"yoast-schema-graph\">{\"@context\":\"https:\\\/\\\/schema.org\",\"@graph\":[{\"@type\":\"WebPage\",\"@id\":\"https:\\\/\\\/www.univ-lorraine.fr\\\/culture\\\/factuel-contenu-cult\\\/rencontre-litteraire-avec-sylvain-prudhomme-le-28-janvier\\\/\",\"url\":\"https:\\\/\\\/www.univ-lorraine.fr\\\/culture\\\/factuel-contenu-cult\\\/rencontre-litteraire-avec-sylvain-prudhomme-le-28-janvier\\\/\",\"name\":\"Rencontre litt\u00e9raire avec Sylvain Prudhomme le 28 janvier - Culture\",\"isPartOf\":{\"@id\":\"https:\\\/\\\/www.univ-lorraine.fr\\\/culture\\\/#website\"},\"primaryImageOfPage\":{\"@id\":\"https:\\\/\\\/www.univ-lorraine.fr\\\/culture\\\/factuel-contenu-cult\\\/rencontre-litteraire-avec-sylvain-prudhomme-le-28-janvier\\\/#primaryimage\"},\"image\":{\"@id\":\"https:\\\/\\\/www.univ-lorraine.fr\\\/culture\\\/factuel-contenu-cult\\\/rencontre-litteraire-avec-sylvain-prudhomme-le-28-janvier\\\/#primaryimage\"},\"thumbnailUrl\":\"https:\\\/\\\/www.univ-lorraine.fr\\\/culture\\\/wp-content\\\/uploads\\\/sites\\\/10\\\/2026\\\/02\\\/afficherencontre-litteraire-2-3.jpg\",\"datePublished\":\"2025-12-16T07:04:01+00:00\",\"dateModified\":\"2026-02-11T12:02:05+00:00\",\"breadcrumb\":{\"@id\":\"https:\\\/\\\/www.univ-lorraine.fr\\\/culture\\\/factuel-contenu-cult\\\/rencontre-litteraire-avec-sylvain-prudhomme-le-28-janvier\\\/#breadcrumb\"},\"inLanguage\":\"fr-FR\",\"potentialAction\":[{\"@type\":\"ReadAction\",\"target\":[\"https:\\\/\\\/www.univ-lorraine.fr\\\/culture\\\/factuel-contenu-cult\\\/rencontre-litteraire-avec-sylvain-prudhomme-le-28-janvier\\\/\"]}]},{\"@type\":\"ImageObject\",\"inLanguage\":\"fr-FR\",\"@id\":\"https:\\\/\\\/www.univ-lorraine.fr\\\/culture\\\/factuel-contenu-cult\\\/rencontre-litteraire-avec-sylvain-prudhomme-le-28-janvier\\\/#primaryimage\",\"url\":\"https:\\\/\\\/www.univ-lorraine.fr\\\/culture\\\/wp-content\\\/uploads\\\/sites\\\/10\\\/2026\\\/02\\\/afficherencontre-litteraire-2-3.jpg\",\"contentUrl\":\"https:\\\/\\\/www.univ-lorraine.fr\\\/culture\\\/wp-content\\\/uploads\\\/sites\\\/10\\\/2026\\\/02\\\/afficherencontre-litteraire-2-3.jpg\",\"width\":555,\"height\":785},{\"@type\":\"BreadcrumbList\",\"@id\":\"https:\\\/\\\/www.univ-lorraine.fr\\\/culture\\\/factuel-contenu-cult\\\/rencontre-litteraire-avec-sylvain-prudhomme-le-28-janvier\\\/#breadcrumb\",\"itemListElement\":[{\"@type\":\"ListItem\",\"position\":1,\"name\":\"Accueil\",\"item\":\"https:\\\/\\\/www.univ-lorraine.fr\\\/culture\\\/\"},{\"@type\":\"ListItem\",\"position\":2,\"name\":\"Rencontre litt\u00e9raire avec Sylvain Prudhomme le 28 janvier\"}]},{\"@type\":\"WebSite\",\"@id\":\"https:\\\/\\\/www.univ-lorraine.fr\\\/culture\\\/#website\",\"url\":\"https:\\\/\\\/www.univ-lorraine.fr\\\/culture\\\/\",\"name\":\"Culture\",\"description\":\"\",\"publisher\":{\"@id\":\"https:\\\/\\\/www.univ-lorraine.fr\\\/culture\\\/#organization\"},\"potentialAction\":[{\"@type\":\"SearchAction\",\"target\":{\"@type\":\"EntryPoint\",\"urlTemplate\":\"https:\\\/\\\/www.univ-lorraine.fr\\\/culture\\\/?s={search_term_string}\"},\"query-input\":{\"@type\":\"PropertyValueSpecification\",\"valueRequired\":true,\"valueName\":\"search_term_string\"}}],\"inLanguage\":\"fr-FR\"},{\"@type\":\"Organization\",\"@id\":\"https:\\\/\\\/www.univ-lorraine.fr\\\/culture\\\/#organization\",\"name\":\"Universit\u00e9 de Lorraine\",\"url\":\"https:\\\/\\\/www.univ-lorraine.fr\\\/culture\\\/\",\"logo\":{\"@type\":\"ImageObject\",\"inLanguage\":\"fr-FR\",\"@id\":\"https:\\\/\\\/www.univ-lorraine.fr\\\/culture\\\/#\\\/schema\\\/logo\\\/image\\\/\",\"url\":\"https:\\\/\\\/www.univ-lorraine.fr\\\/culture\\\/wp-content\\\/uploads\\\/sites\\\/10\\\/2021\\\/01\\\/LOGO_UL.png\",\"contentUrl\":\"https:\\\/\\\/www.univ-lorraine.fr\\\/culture\\\/wp-content\\\/uploads\\\/sites\\\/10\\\/2021\\\/01\\\/LOGO_UL.png\",\"width\":138,\"height\":48,\"caption\":\"Universit\u00e9 de Lorraine\"},\"image\":{\"@id\":\"https:\\\/\\\/www.univ-lorraine.fr\\\/culture\\\/#\\\/schema\\\/logo\\\/image\\\/\"}}]}<\/script>\n<!-- \/ Yoast SEO plugin. -->","yoast_head_json":{"title":"Rencontre litt\u00e9raire avec Sylvain Prudhomme le 28 janvier - Culture","robots":{"index":"index","follow":"follow","max-snippet":"max-snippet:-1","max-image-preview":"max-image-preview:large","max-video-preview":"max-video-preview:-1"},"canonical":"https:\/\/www.univ-lorraine.fr\/culture\/factuel-contenu-cult\/rencontre-litteraire-avec-sylvain-prudhomme-le-28-janvier\/","og_locale":"fr_FR","og_type":"article","og_title":"Rencontre litt\u00e9raire avec Sylvain Prudhomme le 28 janvier - Culture","og_description":"Cette ann\u00e9e, le prix litt\u00e9raire Fronti\u00e8res conna\u00eet quelques changements : un concours de nouvelles \u00e0 destination des \u00e9tudiants, des ateliers d\u2019\u00e9criture et une rencontre litt\u00e9raire sur la th\u00e9matique phare du prix. \u00a0 Pour cette premi\u00e8re ann\u00e9e, la BU Lettres Sciences Humaines et Sociales accueillera Sylvain Prudhomme, laur\u00e9at du prix en 2024 pour son roman L\u2019enfant&#8230;","og_url":"https:\/\/www.univ-lorraine.fr\/culture\/factuel-contenu-cult\/rencontre-litteraire-avec-sylvain-prudhomme-le-28-janvier\/","og_site_name":"Culture","article_modified_time":"2026-02-11T12:02:05+00:00","og_image":[{"width":555,"height":785,"url":"https:\/\/www.univ-lorraine.fr\/culture\/wp-content\/uploads\/sites\/10\/2026\/02\/afficherencontre-litteraire-2-3.jpg","type":"image\/jpeg"}],"twitter_card":"summary_large_image","schema":{"@context":"https:\/\/schema.org","@graph":[{"@type":"WebPage","@id":"https:\/\/www.univ-lorraine.fr\/culture\/factuel-contenu-cult\/rencontre-litteraire-avec-sylvain-prudhomme-le-28-janvier\/","url":"https:\/\/www.univ-lorraine.fr\/culture\/factuel-contenu-cult\/rencontre-litteraire-avec-sylvain-prudhomme-le-28-janvier\/","name":"Rencontre litt\u00e9raire avec Sylvain Prudhomme le 28 janvier - Culture","isPartOf":{"@id":"https:\/\/www.univ-lorraine.fr\/culture\/#website"},"primaryImageOfPage":{"@id":"https:\/\/www.univ-lorraine.fr\/culture\/factuel-contenu-cult\/rencontre-litteraire-avec-sylvain-prudhomme-le-28-janvier\/#primaryimage"},"image":{"@id":"https:\/\/www.univ-lorraine.fr\/culture\/factuel-contenu-cult\/rencontre-litteraire-avec-sylvain-prudhomme-le-28-janvier\/#primaryimage"},"thumbnailUrl":"https:\/\/www.univ-lorraine.fr\/culture\/wp-content\/uploads\/sites\/10\/2026\/02\/afficherencontre-litteraire-2-3.jpg","datePublished":"2025-12-16T07:04:01+00:00","dateModified":"2026-02-11T12:02:05+00:00","breadcrumb":{"@id":"https:\/\/www.univ-lorraine.fr\/culture\/factuel-contenu-cult\/rencontre-litteraire-avec-sylvain-prudhomme-le-28-janvier\/#breadcrumb"},"inLanguage":"fr-FR","potentialAction":[{"@type":"ReadAction","target":["https:\/\/www.univ-lorraine.fr\/culture\/factuel-contenu-cult\/rencontre-litteraire-avec-sylvain-prudhomme-le-28-janvier\/"]}]},{"@type":"ImageObject","inLanguage":"fr-FR","@id":"https:\/\/www.univ-lorraine.fr\/culture\/factuel-contenu-cult\/rencontre-litteraire-avec-sylvain-prudhomme-le-28-janvier\/#primaryimage","url":"https:\/\/www.univ-lorraine.fr\/culture\/wp-content\/uploads\/sites\/10\/2026\/02\/afficherencontre-litteraire-2-3.jpg","contentUrl":"https:\/\/www.univ-lorraine.fr\/culture\/wp-content\/uploads\/sites\/10\/2026\/02\/afficherencontre-litteraire-2-3.jpg","width":555,"height":785},{"@type":"BreadcrumbList","@id":"https:\/\/www.univ-lorraine.fr\/culture\/factuel-contenu-cult\/rencontre-litteraire-avec-sylvain-prudhomme-le-28-janvier\/#breadcrumb","itemListElement":[{"@type":"ListItem","position":1,"name":"Accueil","item":"https:\/\/www.univ-lorraine.fr\/culture\/"},{"@type":"ListItem","position":2,"name":"Rencontre litt\u00e9raire avec Sylvain Prudhomme le 28 janvier"}]},{"@type":"WebSite","@id":"https:\/\/www.univ-lorraine.fr\/culture\/#website","url":"https:\/\/www.univ-lorraine.fr\/culture\/","name":"Culture","description":"","publisher":{"@id":"https:\/\/www.univ-lorraine.fr\/culture\/#organization"},"potentialAction":[{"@type":"SearchAction","target":{"@type":"EntryPoint","urlTemplate":"https:\/\/www.univ-lorraine.fr\/culture\/?s={search_term_string}"},"query-input":{"@type":"PropertyValueSpecification","valueRequired":true,"valueName":"search_term_string"}}],"inLanguage":"fr-FR"},{"@type":"Organization","@id":"https:\/\/www.univ-lorraine.fr\/culture\/#organization","name":"Universit\u00e9 de Lorraine","url":"https:\/\/www.univ-lorraine.fr\/culture\/","logo":{"@type":"ImageObject","inLanguage":"fr-FR","@id":"https:\/\/www.univ-lorraine.fr\/culture\/#\/schema\/logo\/image\/","url":"https:\/\/www.univ-lorraine.fr\/culture\/wp-content\/uploads\/sites\/10\/2021\/01\/LOGO_UL.png","contentUrl":"https:\/\/www.univ-lorraine.fr\/culture\/wp-content\/uploads\/sites\/10\/2021\/01\/LOGO_UL.png","width":138,"height":48,"caption":"Universit\u00e9 de Lorraine"},"image":{"@id":"https:\/\/www.univ-lorraine.fr\/culture\/#\/schema\/logo\/image\/"}}]}},"_links":{"self":[{"href":"https:\/\/www.univ-lorraine.fr\/culture\/wp-json\/wp\/v2\/factuel_contenu_cult\/10498","targetHints":{"allow":["GET"]}}],"collection":[{"href":"https:\/\/www.univ-lorraine.fr\/culture\/wp-json\/wp\/v2\/factuel_contenu_cult"}],"about":[{"href":"https:\/\/www.univ-lorraine.fr\/culture\/wp-json\/wp\/v2\/types\/factuel_contenu_cult"}],"wp:featuredmedia":[{"embeddable":true,"href":"https:\/\/www.univ-lorraine.fr\/culture\/wp-json\/wp\/v2\/media\/12119"}],"wp:attachment":[{"href":"https:\/\/www.univ-lorraine.fr\/culture\/wp-json\/wp\/v2\/media?parent=10498"}],"wp:term":[{"taxonomy":"factuel_-_type","embeddable":true,"href":"https:\/\/www.univ-lorraine.fr\/culture\/wp-json\/wp\/v2\/factuel_-_type?post=10498"},{"taxonomy":"factuel-ville","embeddable":true,"href":"https:\/\/www.univ-lorraine.fr\/culture\/wp-json\/wp\/v2\/factuel-ville?post=10498"},{"taxonomy":"factuel-mots-cles","embeddable":true,"href":"https:\/\/www.univ-lorraine.fr\/culture\/wp-json\/wp\/v2\/factuel-mots-cles?post=10498"},{"taxonomy":"factuel-kwd-culture","embeddable":true,"href":"https:\/\/www.univ-lorraine.fr\/culture\/wp-json\/wp\/v2\/factuel-kwd-culture?post=10498"}],"curies":[{"name":"wp","href":"https:\/\/api.w.org\/{rel}","templated":true}]}}