{"id":10504,"date":"2025-12-12T16:23:59","date_gmt":"2025-12-12T15:23:59","guid":{"rendered":"https:\/\/www.univ-lorraine.fr\/culture\/factuel-contenu-cult\/expo-sur-lair-de-la-liberte-a-la-bu-lettres-shs\/"},"modified":"2026-02-11T13:02:09","modified_gmt":"2026-02-11T12:02:09","slug":"expo-sur-lair-de-la-liberte-a-la-bu-lettres-shs","status":"publish","type":"factuel_contenu_cult","link":"https:\/\/www.univ-lorraine.fr\/culture\/factuel-contenu-cult\/expo-sur-lair-de-la-liberte-a-la-bu-lettres-shs\/","title":{"rendered":"[Expo] \u00ab\u00a0Sur l&rsquo;air de la libert\u00e9\u00a0\u00bb \u00e0 la BU Lettres &amp; SHS"},"content":{"rendered":"\n<p><p>Dans les t\u00e9n\u00e8bres des prisons nazies, des femmes r\u00e9sistantes ont eu la brillante audace de chanter la r\u00e9alit\u00e9 de leur incarc\u00e9ration. Utilisant les m\u00e9lodies de chansons connues \u00e0 l\u2019\u00e9poque, elles en ont modifi\u00e9 les paroles, avec un humour d\u00e9capant, pour les faire correspondre \u00e0 leurs conditions mis\u00e9rables et se donner collectivement le courage de poursuivre&#8230;<\/p><\/p>\n","protected":false},"template":"","factuel_-_type":[185],"factuel-ville":[1006],"factuel-mots-cles":[],"factuel-kwd-culture":[1038],"class_list":["post-10504","factuel_contenu_cult","type-factuel_contenu_cult","status-publish","has-post-thumbnail","hentry","factuel_-_type-evenement","factuel-ville-nancy-et-agglomeration","factuel-kwd-culture-exposition"],"yoast_head":"<!-- This site is optimized with the Yoast SEO plugin v27.4 - https:\/\/yoast.com\/product\/yoast-seo-wordpress\/ -->\n<title>[Expo] \u00ab\u00a0Sur l&rsquo;air de la libert\u00e9\u00a0\u00bb \u00e0 la BU Lettres &amp; SHS - Culture<\/title>\n<meta name=\"robots\" content=\"index, follow, max-snippet:-1, max-image-preview:large, max-video-preview:-1\" \/>\n<link rel=\"canonical\" href=\"https:\/\/www.univ-lorraine.fr\/culture\/factuel-contenu-cult\/expo-sur-lair-de-la-liberte-a-la-bu-lettres-shs\/\" \/>\n<meta property=\"og:locale\" content=\"fr_FR\" \/>\n<meta property=\"og:type\" content=\"article\" \/>\n<meta property=\"og:title\" content=\"[Expo] \u00ab\u00a0Sur l&rsquo;air de la libert\u00e9\u00a0\u00bb \u00e0 la BU Lettres &amp; SHS - Culture\" \/>\n<meta property=\"og:description\" content=\"Dans les t\u00e9n\u00e8bres des prisons nazies, des femmes r\u00e9sistantes ont eu la brillante audace de chanter la r\u00e9alit\u00e9 de leur incarc\u00e9ration. Utilisant les m\u00e9lodies de chansons connues \u00e0 l\u2019\u00e9poque, elles en ont modifi\u00e9 les paroles, avec un humour d\u00e9capant, pour les faire correspondre \u00e0 leurs conditions mis\u00e9rables et se donner collectivement le courage de poursuivre&#8230;\" \/>\n<meta property=\"og:url\" content=\"https:\/\/www.univ-lorraine.fr\/culture\/factuel-contenu-cult\/expo-sur-lair-de-la-liberte-a-la-bu-lettres-shs\/\" \/>\n<meta property=\"og:site_name\" content=\"Culture\" \/>\n<meta property=\"article:modified_time\" content=\"2026-02-11T12:02:09+00:00\" \/>\n<meta property=\"og:image\" content=\"https:\/\/www.univ-lorraine.fr\/culture\/wp-content\/uploads\/sites\/10\/2026\/02\/affiche-expo-chansons-de-resistantes-3.jpg\" \/>\n\t<meta property=\"og:image:width\" content=\"1237\" \/>\n\t<meta property=\"og:image:height\" content=\"1750\" \/>\n\t<meta property=\"og:image:type\" content=\"image\/jpeg\" \/>\n<meta name=\"twitter:card\" content=\"summary_large_image\" \/>\n<script type=\"application\/ld+json\" class=\"yoast-schema-graph\">{\"@context\":\"https:\\\/\\\/schema.org\",\"@graph\":[{\"@type\":\"WebPage\",\"@id\":\"https:\\\/\\\/www.univ-lorraine.fr\\\/culture\\\/factuel-contenu-cult\\\/expo-sur-lair-de-la-liberte-a-la-bu-lettres-shs\\\/\",\"url\":\"https:\\\/\\\/www.univ-lorraine.fr\\\/culture\\\/factuel-contenu-cult\\\/expo-sur-lair-de-la-liberte-a-la-bu-lettres-shs\\\/\",\"name\":\"[Expo] \u00ab\u00a0Sur l&rsquo;air de la libert\u00e9\u00a0\u00bb \u00e0 la BU Lettres &amp; SHS - Culture\",\"isPartOf\":{\"@id\":\"https:\\\/\\\/www.univ-lorraine.fr\\\/culture\\\/#website\"},\"primaryImageOfPage\":{\"@id\":\"https:\\\/\\\/www.univ-lorraine.fr\\\/culture\\\/factuel-contenu-cult\\\/expo-sur-lair-de-la-liberte-a-la-bu-lettres-shs\\\/#primaryimage\"},\"image\":{\"@id\":\"https:\\\/\\\/www.univ-lorraine.fr\\\/culture\\\/factuel-contenu-cult\\\/expo-sur-lair-de-la-liberte-a-la-bu-lettres-shs\\\/#primaryimage\"},\"thumbnailUrl\":\"https:\\\/\\\/www.univ-lorraine.fr\\\/culture\\\/wp-content\\\/uploads\\\/sites\\\/10\\\/2026\\\/02\\\/affiche-expo-chansons-de-resistantes-3.jpg\",\"datePublished\":\"2025-12-12T15:23:59+00:00\",\"dateModified\":\"2026-02-11T12:02:09+00:00\",\"breadcrumb\":{\"@id\":\"https:\\\/\\\/www.univ-lorraine.fr\\\/culture\\\/factuel-contenu-cult\\\/expo-sur-lair-de-la-liberte-a-la-bu-lettres-shs\\\/#breadcrumb\"},\"inLanguage\":\"fr-FR\",\"potentialAction\":[{\"@type\":\"ReadAction\",\"target\":[\"https:\\\/\\\/www.univ-lorraine.fr\\\/culture\\\/factuel-contenu-cult\\\/expo-sur-lair-de-la-liberte-a-la-bu-lettres-shs\\\/\"]}]},{\"@type\":\"ImageObject\",\"inLanguage\":\"fr-FR\",\"@id\":\"https:\\\/\\\/www.univ-lorraine.fr\\\/culture\\\/factuel-contenu-cult\\\/expo-sur-lair-de-la-liberte-a-la-bu-lettres-shs\\\/#primaryimage\",\"url\":\"https:\\\/\\\/www.univ-lorraine.fr\\\/culture\\\/wp-content\\\/uploads\\\/sites\\\/10\\\/2026\\\/02\\\/affiche-expo-chansons-de-resistantes-3.jpg\",\"contentUrl\":\"https:\\\/\\\/www.univ-lorraine.fr\\\/culture\\\/wp-content\\\/uploads\\\/sites\\\/10\\\/2026\\\/02\\\/affiche-expo-chansons-de-resistantes-3.jpg\",\"width\":1237,\"height\":1750},{\"@type\":\"BreadcrumbList\",\"@id\":\"https:\\\/\\\/www.univ-lorraine.fr\\\/culture\\\/factuel-contenu-cult\\\/expo-sur-lair-de-la-liberte-a-la-bu-lettres-shs\\\/#breadcrumb\",\"itemListElement\":[{\"@type\":\"ListItem\",\"position\":1,\"name\":\"Accueil\",\"item\":\"https:\\\/\\\/www.univ-lorraine.fr\\\/culture\\\/\"},{\"@type\":\"ListItem\",\"position\":2,\"name\":\"[Expo] \u00ab\u00a0Sur l&rsquo;air de la libert\u00e9\u00a0\u00bb \u00e0 la BU Lettres &amp; SHS\"}]},{\"@type\":\"WebSite\",\"@id\":\"https:\\\/\\\/www.univ-lorraine.fr\\\/culture\\\/#website\",\"url\":\"https:\\\/\\\/www.univ-lorraine.fr\\\/culture\\\/\",\"name\":\"Culture\",\"description\":\"\",\"publisher\":{\"@id\":\"https:\\\/\\\/www.univ-lorraine.fr\\\/culture\\\/#organization\"},\"potentialAction\":[{\"@type\":\"SearchAction\",\"target\":{\"@type\":\"EntryPoint\",\"urlTemplate\":\"https:\\\/\\\/www.univ-lorraine.fr\\\/culture\\\/?s={search_term_string}\"},\"query-input\":{\"@type\":\"PropertyValueSpecification\",\"valueRequired\":true,\"valueName\":\"search_term_string\"}}],\"inLanguage\":\"fr-FR\"},{\"@type\":\"Organization\",\"@id\":\"https:\\\/\\\/www.univ-lorraine.fr\\\/culture\\\/#organization\",\"name\":\"Universit\u00e9 de Lorraine\",\"url\":\"https:\\\/\\\/www.univ-lorraine.fr\\\/culture\\\/\",\"logo\":{\"@type\":\"ImageObject\",\"inLanguage\":\"fr-FR\",\"@id\":\"https:\\\/\\\/www.univ-lorraine.fr\\\/culture\\\/#\\\/schema\\\/logo\\\/image\\\/\",\"url\":\"https:\\\/\\\/www.univ-lorraine.fr\\\/culture\\\/wp-content\\\/uploads\\\/sites\\\/10\\\/2021\\\/01\\\/LOGO_UL.png\",\"contentUrl\":\"https:\\\/\\\/www.univ-lorraine.fr\\\/culture\\\/wp-content\\\/uploads\\\/sites\\\/10\\\/2021\\\/01\\\/LOGO_UL.png\",\"width\":138,\"height\":48,\"caption\":\"Universit\u00e9 de Lorraine\"},\"image\":{\"@id\":\"https:\\\/\\\/www.univ-lorraine.fr\\\/culture\\\/#\\\/schema\\\/logo\\\/image\\\/\"}}]}<\/script>\n<!-- \/ Yoast SEO plugin. -->","yoast_head_json":{"title":"[Expo] \u00ab\u00a0Sur l&rsquo;air de la libert\u00e9\u00a0\u00bb \u00e0 la BU Lettres &amp; SHS - Culture","robots":{"index":"index","follow":"follow","max-snippet":"max-snippet:-1","max-image-preview":"max-image-preview:large","max-video-preview":"max-video-preview:-1"},"canonical":"https:\/\/www.univ-lorraine.fr\/culture\/factuel-contenu-cult\/expo-sur-lair-de-la-liberte-a-la-bu-lettres-shs\/","og_locale":"fr_FR","og_type":"article","og_title":"[Expo] \u00ab\u00a0Sur l&rsquo;air de la libert\u00e9\u00a0\u00bb \u00e0 la BU Lettres &amp; SHS - Culture","og_description":"Dans les t\u00e9n\u00e8bres des prisons nazies, des femmes r\u00e9sistantes ont eu la brillante audace de chanter la r\u00e9alit\u00e9 de leur incarc\u00e9ration. Utilisant les m\u00e9lodies de chansons connues \u00e0 l\u2019\u00e9poque, elles en ont modifi\u00e9 les paroles, avec un humour d\u00e9capant, pour les faire correspondre \u00e0 leurs conditions mis\u00e9rables et se donner collectivement le courage de poursuivre&#8230;","og_url":"https:\/\/www.univ-lorraine.fr\/culture\/factuel-contenu-cult\/expo-sur-lair-de-la-liberte-a-la-bu-lettres-shs\/","og_site_name":"Culture","article_modified_time":"2026-02-11T12:02:09+00:00","og_image":[{"width":1237,"height":1750,"url":"https:\/\/www.univ-lorraine.fr\/culture\/wp-content\/uploads\/sites\/10\/2026\/02\/affiche-expo-chansons-de-resistantes-3.jpg","type":"image\/jpeg"}],"twitter_card":"summary_large_image","schema":{"@context":"https:\/\/schema.org","@graph":[{"@type":"WebPage","@id":"https:\/\/www.univ-lorraine.fr\/culture\/factuel-contenu-cult\/expo-sur-lair-de-la-liberte-a-la-bu-lettres-shs\/","url":"https:\/\/www.univ-lorraine.fr\/culture\/factuel-contenu-cult\/expo-sur-lair-de-la-liberte-a-la-bu-lettres-shs\/","name":"[Expo] \u00ab\u00a0Sur l&rsquo;air de la libert\u00e9\u00a0\u00bb \u00e0 la BU Lettres &amp; SHS - Culture","isPartOf":{"@id":"https:\/\/www.univ-lorraine.fr\/culture\/#website"},"primaryImageOfPage":{"@id":"https:\/\/www.univ-lorraine.fr\/culture\/factuel-contenu-cult\/expo-sur-lair-de-la-liberte-a-la-bu-lettres-shs\/#primaryimage"},"image":{"@id":"https:\/\/www.univ-lorraine.fr\/culture\/factuel-contenu-cult\/expo-sur-lair-de-la-liberte-a-la-bu-lettres-shs\/#primaryimage"},"thumbnailUrl":"https:\/\/www.univ-lorraine.fr\/culture\/wp-content\/uploads\/sites\/10\/2026\/02\/affiche-expo-chansons-de-resistantes-3.jpg","datePublished":"2025-12-12T15:23:59+00:00","dateModified":"2026-02-11T12:02:09+00:00","breadcrumb":{"@id":"https:\/\/www.univ-lorraine.fr\/culture\/factuel-contenu-cult\/expo-sur-lair-de-la-liberte-a-la-bu-lettres-shs\/#breadcrumb"},"inLanguage":"fr-FR","potentialAction":[{"@type":"ReadAction","target":["https:\/\/www.univ-lorraine.fr\/culture\/factuel-contenu-cult\/expo-sur-lair-de-la-liberte-a-la-bu-lettres-shs\/"]}]},{"@type":"ImageObject","inLanguage":"fr-FR","@id":"https:\/\/www.univ-lorraine.fr\/culture\/factuel-contenu-cult\/expo-sur-lair-de-la-liberte-a-la-bu-lettres-shs\/#primaryimage","url":"https:\/\/www.univ-lorraine.fr\/culture\/wp-content\/uploads\/sites\/10\/2026\/02\/affiche-expo-chansons-de-resistantes-3.jpg","contentUrl":"https:\/\/www.univ-lorraine.fr\/culture\/wp-content\/uploads\/sites\/10\/2026\/02\/affiche-expo-chansons-de-resistantes-3.jpg","width":1237,"height":1750},{"@type":"BreadcrumbList","@id":"https:\/\/www.univ-lorraine.fr\/culture\/factuel-contenu-cult\/expo-sur-lair-de-la-liberte-a-la-bu-lettres-shs\/#breadcrumb","itemListElement":[{"@type":"ListItem","position":1,"name":"Accueil","item":"https:\/\/www.univ-lorraine.fr\/culture\/"},{"@type":"ListItem","position":2,"name":"[Expo] \u00ab\u00a0Sur l&rsquo;air de la libert\u00e9\u00a0\u00bb \u00e0 la BU Lettres &amp; SHS"}]},{"@type":"WebSite","@id":"https:\/\/www.univ-lorraine.fr\/culture\/#website","url":"https:\/\/www.univ-lorraine.fr\/culture\/","name":"Culture","description":"","publisher":{"@id":"https:\/\/www.univ-lorraine.fr\/culture\/#organization"},"potentialAction":[{"@type":"SearchAction","target":{"@type":"EntryPoint","urlTemplate":"https:\/\/www.univ-lorraine.fr\/culture\/?s={search_term_string}"},"query-input":{"@type":"PropertyValueSpecification","valueRequired":true,"valueName":"search_term_string"}}],"inLanguage":"fr-FR"},{"@type":"Organization","@id":"https:\/\/www.univ-lorraine.fr\/culture\/#organization","name":"Universit\u00e9 de Lorraine","url":"https:\/\/www.univ-lorraine.fr\/culture\/","logo":{"@type":"ImageObject","inLanguage":"fr-FR","@id":"https:\/\/www.univ-lorraine.fr\/culture\/#\/schema\/logo\/image\/","url":"https:\/\/www.univ-lorraine.fr\/culture\/wp-content\/uploads\/sites\/10\/2021\/01\/LOGO_UL.png","contentUrl":"https:\/\/www.univ-lorraine.fr\/culture\/wp-content\/uploads\/sites\/10\/2021\/01\/LOGO_UL.png","width":138,"height":48,"caption":"Universit\u00e9 de Lorraine"},"image":{"@id":"https:\/\/www.univ-lorraine.fr\/culture\/#\/schema\/logo\/image\/"}}]}},"_links":{"self":[{"href":"https:\/\/www.univ-lorraine.fr\/culture\/wp-json\/wp\/v2\/factuel_contenu_cult\/10504","targetHints":{"allow":["GET"]}}],"collection":[{"href":"https:\/\/www.univ-lorraine.fr\/culture\/wp-json\/wp\/v2\/factuel_contenu_cult"}],"about":[{"href":"https:\/\/www.univ-lorraine.fr\/culture\/wp-json\/wp\/v2\/types\/factuel_contenu_cult"}],"wp:featuredmedia":[{"embeddable":true,"href":"https:\/\/www.univ-lorraine.fr\/culture\/wp-json\/wp\/v2\/media\/12122"}],"wp:attachment":[{"href":"https:\/\/www.univ-lorraine.fr\/culture\/wp-json\/wp\/v2\/media?parent=10504"}],"wp:term":[{"taxonomy":"factuel_-_type","embeddable":true,"href":"https:\/\/www.univ-lorraine.fr\/culture\/wp-json\/wp\/v2\/factuel_-_type?post=10504"},{"taxonomy":"factuel-ville","embeddable":true,"href":"https:\/\/www.univ-lorraine.fr\/culture\/wp-json\/wp\/v2\/factuel-ville?post=10504"},{"taxonomy":"factuel-mots-cles","embeddable":true,"href":"https:\/\/www.univ-lorraine.fr\/culture\/wp-json\/wp\/v2\/factuel-mots-cles?post=10504"},{"taxonomy":"factuel-kwd-culture","embeddable":true,"href":"https:\/\/www.univ-lorraine.fr\/culture\/wp-json\/wp\/v2\/factuel-kwd-culture?post=10504"}],"curies":[{"name":"wp","href":"https:\/\/api.w.org\/{rel}","templated":true}]}}