{"id":9515,"date":"2025-11-25T00:00:00","date_gmt":"2025-11-24T23:00:00","guid":{"rendered":"https:\/\/www.univ-lorraine.fr\/culture\/factuel-contenu-cult\/conferences-poignantes-autour-de-la-seconde-guerre-mondiale-a-liut-depinal\/"},"modified":"2026-02-04T05:03:24","modified_gmt":"2026-02-04T04:03:24","slug":"conferences-poignantes-autour-de-la-seconde-guerre-mondiale-a-liut-depinal","status":"publish","type":"factuel_contenu_cult","link":"https:\/\/www.univ-lorraine.fr\/culture\/factuel-contenu-cult\/conferences-poignantes-autour-de-la-seconde-guerre-mondiale-a-liut-depinal\/","title":{"rendered":"Conf\u00e9rences poignantes autour de la Seconde Guerre mondiale \u00e0 l&rsquo;IUT d&rsquo;\u00c9pinal"},"content":{"rendered":"\n<p>Le 19 novembre, des \u00e9tudiants du BUT1 QLIO et de la Licence Professionnelle MILI, ainsi que des \u00e9l\u00e8ves du Coll\u00e8ge Notre Dame et du lyc\u00e9e Louis Lapicque, ont assist\u00e9 \u00e0 des conf\u00e9rences poignantes \u00e0 l\u2019IUT autour de la Seconde Guerre mondiale. \u00a0 Mme Claude Favre et M. Patrice Lafaurie, historiens, ont pr\u00e9sent\u00e9 leur travail sur les rafles de Nancy, en 1943, notamment celle de la brasserie La Viennoise. Ils ont partag\u00e9 des t\u00e9moignages bouleversants, comme celui d\u2019Andr\u00e9 Hantz, jeune Vosgien arr\u00eat\u00e9 alors qu\u2019il f\u00eatait la fin du bac blanc et envoy\u00e9 creuser un tunnel au camp de Loibl, ou encore celui&#8230;<\/p>\n","protected":false},"template":"","factuel_-_type":[184],"factuel-ville":[],"factuel-mots-cles":[995],"factuel-kwd-culture":[],"class_list":["post-9515","factuel_contenu_cult","type-factuel_contenu_cult","status-publish","has-post-thumbnail","hentry","factuel_-_type-article","factuel-mots-cles-culture"],"yoast_head":"<!-- This site is optimized with the Yoast SEO plugin v27.4 - https:\/\/yoast.com\/product\/yoast-seo-wordpress\/ -->\n<title>Conf\u00e9rences poignantes autour de la Seconde Guerre mondiale \u00e0 l&#039;IUT d&#039;\u00c9pinal - Culture<\/title>\n<meta name=\"robots\" content=\"index, follow, max-snippet:-1, max-image-preview:large, max-video-preview:-1\" \/>\n<link rel=\"canonical\" href=\"https:\/\/www.univ-lorraine.fr\/culture\/factuel-contenu-cult\/conferences-poignantes-autour-de-la-seconde-guerre-mondiale-a-liut-depinal\/\" \/>\n<meta property=\"og:locale\" content=\"fr_FR\" \/>\n<meta property=\"og:type\" content=\"article\" \/>\n<meta property=\"og:title\" content=\"Conf\u00e9rences poignantes autour de la Seconde Guerre mondiale \u00e0 l&#039;IUT d&#039;\u00c9pinal - Culture\" \/>\n<meta property=\"og:description\" content=\"Le 19 novembre, des \u00e9tudiants du BUT1 QLIO et de la Licence Professionnelle MILI, ainsi que des \u00e9l\u00e8ves du Coll\u00e8ge Notre Dame et du lyc\u00e9e Louis Lapicque, ont assist\u00e9 \u00e0 des conf\u00e9rences poignantes \u00e0 l\u2019IUT autour de la Seconde Guerre mondiale. \u00a0 Mme Claude Favre et M. Patrice Lafaurie, historiens, ont pr\u00e9sent\u00e9 leur travail sur ... Lire plus\" \/>\n<meta property=\"og:url\" content=\"https:\/\/www.univ-lorraine.fr\/culture\/factuel-contenu-cult\/conferences-poignantes-autour-de-la-seconde-guerre-mondiale-a-liut-depinal\/\" \/>\n<meta property=\"og:site_name\" content=\"Culture\" \/>\n<meta property=\"article:modified_time\" content=\"2026-02-04T04:03:24+00:00\" \/>\n<meta property=\"og:image\" content=\"https:\/\/www.univ-lorraine.fr\/culture\/wp-content\/uploads\/sites\/10\/2025\/11\/conference3_191125.jpg\" \/>\n\t<meta property=\"og:image:width\" content=\"800\" \/>\n\t<meta property=\"og:image:height\" content=\"599\" \/>\n\t<meta property=\"og:image:type\" content=\"image\/jpeg\" \/>\n<meta name=\"twitter:card\" content=\"summary_large_image\" \/>\n<meta name=\"twitter:label1\" content=\"Dur\u00e9e de lecture estim\u00e9e\" \/>\n\t<meta name=\"twitter:data1\" content=\"1 minute\" \/>\n<script type=\"application\/ld+json\" class=\"yoast-schema-graph\">{\"@context\":\"https:\\\/\\\/schema.org\",\"@graph\":[{\"@type\":\"WebPage\",\"@id\":\"https:\\\/\\\/www.univ-lorraine.fr\\\/culture\\\/factuel-contenu-cult\\\/conferences-poignantes-autour-de-la-seconde-guerre-mondiale-a-liut-depinal\\\/\",\"url\":\"https:\\\/\\\/www.univ-lorraine.fr\\\/culture\\\/factuel-contenu-cult\\\/conferences-poignantes-autour-de-la-seconde-guerre-mondiale-a-liut-depinal\\\/\",\"name\":\"Conf\u00e9rences poignantes autour de la Seconde Guerre mondiale \u00e0 l'IUT d'\u00c9pinal - Culture\",\"isPartOf\":{\"@id\":\"https:\\\/\\\/www.univ-lorraine.fr\\\/culture\\\/#website\"},\"primaryImageOfPage\":{\"@id\":\"https:\\\/\\\/www.univ-lorraine.fr\\\/culture\\\/factuel-contenu-cult\\\/conferences-poignantes-autour-de-la-seconde-guerre-mondiale-a-liut-depinal\\\/#primaryimage\"},\"image\":{\"@id\":\"https:\\\/\\\/www.univ-lorraine.fr\\\/culture\\\/factuel-contenu-cult\\\/conferences-poignantes-autour-de-la-seconde-guerre-mondiale-a-liut-depinal\\\/#primaryimage\"},\"thumbnailUrl\":\"https:\\\/\\\/www.univ-lorraine.fr\\\/culture\\\/wp-content\\\/uploads\\\/sites\\\/10\\\/2025\\\/11\\\/conference3_191125.jpg\",\"datePublished\":\"2025-11-24T23:00:00+00:00\",\"dateModified\":\"2026-02-04T04:03:24+00:00\",\"breadcrumb\":{\"@id\":\"https:\\\/\\\/www.univ-lorraine.fr\\\/culture\\\/factuel-contenu-cult\\\/conferences-poignantes-autour-de-la-seconde-guerre-mondiale-a-liut-depinal\\\/#breadcrumb\"},\"inLanguage\":\"fr-FR\",\"potentialAction\":[{\"@type\":\"ReadAction\",\"target\":[\"https:\\\/\\\/www.univ-lorraine.fr\\\/culture\\\/factuel-contenu-cult\\\/conferences-poignantes-autour-de-la-seconde-guerre-mondiale-a-liut-depinal\\\/\"]}]},{\"@type\":\"ImageObject\",\"inLanguage\":\"fr-FR\",\"@id\":\"https:\\\/\\\/www.univ-lorraine.fr\\\/culture\\\/factuel-contenu-cult\\\/conferences-poignantes-autour-de-la-seconde-guerre-mondiale-a-liut-depinal\\\/#primaryimage\",\"url\":\"https:\\\/\\\/www.univ-lorraine.fr\\\/culture\\\/wp-content\\\/uploads\\\/sites\\\/10\\\/2025\\\/11\\\/conference3_191125.jpg\",\"contentUrl\":\"https:\\\/\\\/www.univ-lorraine.fr\\\/culture\\\/wp-content\\\/uploads\\\/sites\\\/10\\\/2025\\\/11\\\/conference3_191125.jpg\",\"width\":800,\"height\":599},{\"@type\":\"BreadcrumbList\",\"@id\":\"https:\\\/\\\/www.univ-lorraine.fr\\\/culture\\\/factuel-contenu-cult\\\/conferences-poignantes-autour-de-la-seconde-guerre-mondiale-a-liut-depinal\\\/#breadcrumb\",\"itemListElement\":[{\"@type\":\"ListItem\",\"position\":1,\"name\":\"Accueil\",\"item\":\"https:\\\/\\\/www.univ-lorraine.fr\\\/culture\\\/\"},{\"@type\":\"ListItem\",\"position\":2,\"name\":\"Conf\u00e9rences poignantes autour de la Seconde Guerre mondiale \u00e0 l&rsquo;IUT d&rsquo;\u00c9pinal\"}]},{\"@type\":\"WebSite\",\"@id\":\"https:\\\/\\\/www.univ-lorraine.fr\\\/culture\\\/#website\",\"url\":\"https:\\\/\\\/www.univ-lorraine.fr\\\/culture\\\/\",\"name\":\"Culture\",\"description\":\"\",\"publisher\":{\"@id\":\"https:\\\/\\\/www.univ-lorraine.fr\\\/culture\\\/#organization\"},\"potentialAction\":[{\"@type\":\"SearchAction\",\"target\":{\"@type\":\"EntryPoint\",\"urlTemplate\":\"https:\\\/\\\/www.univ-lorraine.fr\\\/culture\\\/?s={search_term_string}\"},\"query-input\":{\"@type\":\"PropertyValueSpecification\",\"valueRequired\":true,\"valueName\":\"search_term_string\"}}],\"inLanguage\":\"fr-FR\"},{\"@type\":\"Organization\",\"@id\":\"https:\\\/\\\/www.univ-lorraine.fr\\\/culture\\\/#organization\",\"name\":\"Universit\u00e9 de Lorraine\",\"url\":\"https:\\\/\\\/www.univ-lorraine.fr\\\/culture\\\/\",\"logo\":{\"@type\":\"ImageObject\",\"inLanguage\":\"fr-FR\",\"@id\":\"https:\\\/\\\/www.univ-lorraine.fr\\\/culture\\\/#\\\/schema\\\/logo\\\/image\\\/\",\"url\":\"https:\\\/\\\/www.univ-lorraine.fr\\\/culture\\\/wp-content\\\/uploads\\\/sites\\\/10\\\/2021\\\/01\\\/LOGO_UL.png\",\"contentUrl\":\"https:\\\/\\\/www.univ-lorraine.fr\\\/culture\\\/wp-content\\\/uploads\\\/sites\\\/10\\\/2021\\\/01\\\/LOGO_UL.png\",\"width\":138,\"height\":48,\"caption\":\"Universit\u00e9 de Lorraine\"},\"image\":{\"@id\":\"https:\\\/\\\/www.univ-lorraine.fr\\\/culture\\\/#\\\/schema\\\/logo\\\/image\\\/\"}}]}<\/script>\n<!-- \/ Yoast SEO plugin. -->","yoast_head_json":{"title":"Conf\u00e9rences poignantes autour de la Seconde Guerre mondiale \u00e0 l'IUT d'\u00c9pinal - Culture","robots":{"index":"index","follow":"follow","max-snippet":"max-snippet:-1","max-image-preview":"max-image-preview:large","max-video-preview":"max-video-preview:-1"},"canonical":"https:\/\/www.univ-lorraine.fr\/culture\/factuel-contenu-cult\/conferences-poignantes-autour-de-la-seconde-guerre-mondiale-a-liut-depinal\/","og_locale":"fr_FR","og_type":"article","og_title":"Conf\u00e9rences poignantes autour de la Seconde Guerre mondiale \u00e0 l'IUT d'\u00c9pinal - Culture","og_description":"Le 19 novembre, des \u00e9tudiants du BUT1 QLIO et de la Licence Professionnelle MILI, ainsi que des \u00e9l\u00e8ves du Coll\u00e8ge Notre Dame et du lyc\u00e9e Louis Lapicque, ont assist\u00e9 \u00e0 des conf\u00e9rences poignantes \u00e0 l\u2019IUT autour de la Seconde Guerre mondiale. \u00a0 Mme Claude Favre et M. Patrice Lafaurie, historiens, ont pr\u00e9sent\u00e9 leur travail sur ... Lire plus","og_url":"https:\/\/www.univ-lorraine.fr\/culture\/factuel-contenu-cult\/conferences-poignantes-autour-de-la-seconde-guerre-mondiale-a-liut-depinal\/","og_site_name":"Culture","article_modified_time":"2026-02-04T04:03:24+00:00","og_image":[{"width":800,"height":599,"url":"https:\/\/www.univ-lorraine.fr\/culture\/wp-content\/uploads\/sites\/10\/2025\/11\/conference3_191125.jpg","type":"image\/jpeg"}],"twitter_card":"summary_large_image","twitter_misc":{"Dur\u00e9e de lecture estim\u00e9e":"1 minute"},"schema":{"@context":"https:\/\/schema.org","@graph":[{"@type":"WebPage","@id":"https:\/\/www.univ-lorraine.fr\/culture\/factuel-contenu-cult\/conferences-poignantes-autour-de-la-seconde-guerre-mondiale-a-liut-depinal\/","url":"https:\/\/www.univ-lorraine.fr\/culture\/factuel-contenu-cult\/conferences-poignantes-autour-de-la-seconde-guerre-mondiale-a-liut-depinal\/","name":"Conf\u00e9rences poignantes autour de la Seconde Guerre mondiale \u00e0 l'IUT d'\u00c9pinal - Culture","isPartOf":{"@id":"https:\/\/www.univ-lorraine.fr\/culture\/#website"},"primaryImageOfPage":{"@id":"https:\/\/www.univ-lorraine.fr\/culture\/factuel-contenu-cult\/conferences-poignantes-autour-de-la-seconde-guerre-mondiale-a-liut-depinal\/#primaryimage"},"image":{"@id":"https:\/\/www.univ-lorraine.fr\/culture\/factuel-contenu-cult\/conferences-poignantes-autour-de-la-seconde-guerre-mondiale-a-liut-depinal\/#primaryimage"},"thumbnailUrl":"https:\/\/www.univ-lorraine.fr\/culture\/wp-content\/uploads\/sites\/10\/2025\/11\/conference3_191125.jpg","datePublished":"2025-11-24T23:00:00+00:00","dateModified":"2026-02-04T04:03:24+00:00","breadcrumb":{"@id":"https:\/\/www.univ-lorraine.fr\/culture\/factuel-contenu-cult\/conferences-poignantes-autour-de-la-seconde-guerre-mondiale-a-liut-depinal\/#breadcrumb"},"inLanguage":"fr-FR","potentialAction":[{"@type":"ReadAction","target":["https:\/\/www.univ-lorraine.fr\/culture\/factuel-contenu-cult\/conferences-poignantes-autour-de-la-seconde-guerre-mondiale-a-liut-depinal\/"]}]},{"@type":"ImageObject","inLanguage":"fr-FR","@id":"https:\/\/www.univ-lorraine.fr\/culture\/factuel-contenu-cult\/conferences-poignantes-autour-de-la-seconde-guerre-mondiale-a-liut-depinal\/#primaryimage","url":"https:\/\/www.univ-lorraine.fr\/culture\/wp-content\/uploads\/sites\/10\/2025\/11\/conference3_191125.jpg","contentUrl":"https:\/\/www.univ-lorraine.fr\/culture\/wp-content\/uploads\/sites\/10\/2025\/11\/conference3_191125.jpg","width":800,"height":599},{"@type":"BreadcrumbList","@id":"https:\/\/www.univ-lorraine.fr\/culture\/factuel-contenu-cult\/conferences-poignantes-autour-de-la-seconde-guerre-mondiale-a-liut-depinal\/#breadcrumb","itemListElement":[{"@type":"ListItem","position":1,"name":"Accueil","item":"https:\/\/www.univ-lorraine.fr\/culture\/"},{"@type":"ListItem","position":2,"name":"Conf\u00e9rences poignantes autour de la Seconde Guerre mondiale \u00e0 l&rsquo;IUT d&rsquo;\u00c9pinal"}]},{"@type":"WebSite","@id":"https:\/\/www.univ-lorraine.fr\/culture\/#website","url":"https:\/\/www.univ-lorraine.fr\/culture\/","name":"Culture","description":"","publisher":{"@id":"https:\/\/www.univ-lorraine.fr\/culture\/#organization"},"potentialAction":[{"@type":"SearchAction","target":{"@type":"EntryPoint","urlTemplate":"https:\/\/www.univ-lorraine.fr\/culture\/?s={search_term_string}"},"query-input":{"@type":"PropertyValueSpecification","valueRequired":true,"valueName":"search_term_string"}}],"inLanguage":"fr-FR"},{"@type":"Organization","@id":"https:\/\/www.univ-lorraine.fr\/culture\/#organization","name":"Universit\u00e9 de Lorraine","url":"https:\/\/www.univ-lorraine.fr\/culture\/","logo":{"@type":"ImageObject","inLanguage":"fr-FR","@id":"https:\/\/www.univ-lorraine.fr\/culture\/#\/schema\/logo\/image\/","url":"https:\/\/www.univ-lorraine.fr\/culture\/wp-content\/uploads\/sites\/10\/2021\/01\/LOGO_UL.png","contentUrl":"https:\/\/www.univ-lorraine.fr\/culture\/wp-content\/uploads\/sites\/10\/2021\/01\/LOGO_UL.png","width":138,"height":48,"caption":"Universit\u00e9 de Lorraine"},"image":{"@id":"https:\/\/www.univ-lorraine.fr\/culture\/#\/schema\/logo\/image\/"}}]}},"_links":{"self":[{"href":"https:\/\/www.univ-lorraine.fr\/culture\/wp-json\/wp\/v2\/factuel_contenu_cult\/9515","targetHints":{"allow":["GET"]}}],"collection":[{"href":"https:\/\/www.univ-lorraine.fr\/culture\/wp-json\/wp\/v2\/factuel_contenu_cult"}],"about":[{"href":"https:\/\/www.univ-lorraine.fr\/culture\/wp-json\/wp\/v2\/types\/factuel_contenu_cult"}],"wp:featuredmedia":[{"embeddable":true,"href":"https:\/\/www.univ-lorraine.fr\/culture\/wp-json\/wp\/v2\/media\/9522"}],"wp:attachment":[{"href":"https:\/\/www.univ-lorraine.fr\/culture\/wp-json\/wp\/v2\/media?parent=9515"}],"wp:term":[{"taxonomy":"factuel_-_type","embeddable":true,"href":"https:\/\/www.univ-lorraine.fr\/culture\/wp-json\/wp\/v2\/factuel_-_type?post=9515"},{"taxonomy":"factuel-ville","embeddable":true,"href":"https:\/\/www.univ-lorraine.fr\/culture\/wp-json\/wp\/v2\/factuel-ville?post=9515"},{"taxonomy":"factuel-mots-cles","embeddable":true,"href":"https:\/\/www.univ-lorraine.fr\/culture\/wp-json\/wp\/v2\/factuel-mots-cles?post=9515"},{"taxonomy":"factuel-kwd-culture","embeddable":true,"href":"https:\/\/www.univ-lorraine.fr\/culture\/wp-json\/wp\/v2\/factuel-kwd-culture?post=9515"}],"curies":[{"name":"wp","href":"https:\/\/api.w.org\/{rel}","templated":true}]}}