{"id":9565,"date":"2025-12-02T00:00:00","date_gmt":"2025-12-01T23:00:00","guid":{"rendered":"https:\/\/www.univ-lorraine.fr\/culture\/factuel-contenu-cult\/midi-discussion-les-publics-minorises-et-lacces-au-soin\/"},"modified":"2026-02-04T05:03:26","modified_gmt":"2026-02-04T04:03:26","slug":"midi-discussion-les-publics-minorises-et-lacces-au-soin","status":"publish","type":"factuel_contenu_cult","link":"https:\/\/www.univ-lorraine.fr\/culture\/factuel-contenu-cult\/midi-discussion-les-publics-minorises-et-lacces-au-soin\/","title":{"rendered":"[Midi discussion] Les publics minoris\u00e9s et l&rsquo;acc\u00e8s au soin"},"content":{"rendered":"\n<p>Le 6 mai 2025, le rapport du d\u00e9fenseur des droits fait un point sur la situation : &quot;En France, l\u2019acc\u00e8s aux soins n\u2019est pas \u00e9gal pour\u00a0tous\u00b7tes. Origine, pr\u00e9carit\u00e9, handicap, identit\u00e9 de genre&#8230; Autant de crit\u00e8res qui, en th\u00e9orie, ne devraient avoir aucune incidence sur la prise en charge m\u00e9dicale, mais qui, dans la r\u00e9alit\u00e9, engendrent des discriminations syst\u00e9miques.&quot; Quels sont les m\u00e9canismes et id\u00e9es re\u00e7ues menant \u00e0 cette situation ? Nous vous proposons une discussion ouverte et bienveillante avec L\u00e9a Klopp et Lison Hesse, doctorantes en psychologie sociale au laboratoire Perseus de&#8230;<\/p>\n","protected":false},"template":"","factuel_-_type":[185],"factuel-ville":[1006],"factuel-mots-cles":[1080,995,1083,1045,1002,1023,1004,1013,1025,1016],"factuel-kwd-culture":[1040],"class_list":["post-9565","factuel_contenu_cult","type-factuel_contenu_cult","status-publish","has-post-thumbnail","hentry","factuel_-_type-evenement","factuel-ville-nancy-et-agglomeration","factuel-mots-cles-a-votre-sante","factuel-mots-cles-culture","factuel-mots-cles-egalite-diversite-inclusion-edi","factuel-mots-cles-mediation-scientifique-sur-les-campus","factuel-mots-cles-nos-engagements","factuel-mots-cles-onsengage","factuel-mots-cles-sante-social","factuel-mots-cles-saps","factuel-mots-cles-unys","factuel-mots-cles-vie-de-luniversite","factuel-kwd-culture-mediation-scientifique"],"yoast_head":"<!-- This site is optimized with the Yoast SEO plugin v27.4 - https:\/\/yoast.com\/product\/yoast-seo-wordpress\/ -->\n<title>[Midi discussion] Les publics minoris\u00e9s et l&#039;acc\u00e8s au soin - Culture<\/title>\n<meta name=\"robots\" content=\"index, follow, max-snippet:-1, max-image-preview:large, max-video-preview:-1\" \/>\n<link rel=\"canonical\" href=\"https:\/\/www.univ-lorraine.fr\/culture\/factuel-contenu-cult\/midi-discussion-les-publics-minorises-et-lacces-au-soin\/\" \/>\n<meta property=\"og:locale\" content=\"fr_FR\" \/>\n<meta property=\"og:type\" content=\"article\" \/>\n<meta property=\"og:title\" content=\"[Midi discussion] Les publics minoris\u00e9s et l&#039;acc\u00e8s au soin - Culture\" \/>\n<meta property=\"og:description\" content=\"Le 6 mai 2025, le rapport du d\u00e9fenseur des droits fait un point sur la situation : &quot;En France, l\u2019acc\u00e8s aux soins n\u2019est pas \u00e9gal pour\u00a0tous\u00b7tes. Origine, pr\u00e9carit\u00e9, handicap, identit\u00e9 de genre&#8230; Autant de crit\u00e8res qui, en th\u00e9orie, ne devraient avoir aucune incidence sur la prise en charge m\u00e9dicale, mais qui, dans la r\u00e9alit\u00e9, engendrent ... Lire plus\" \/>\n<meta property=\"og:url\" content=\"https:\/\/www.univ-lorraine.fr\/culture\/factuel-contenu-cult\/midi-discussion-les-publics-minorises-et-lacces-au-soin\/\" \/>\n<meta property=\"og:site_name\" content=\"Culture\" \/>\n<meta property=\"article:modified_time\" content=\"2026-02-04T04:03:26+00:00\" \/>\n<meta property=\"og:image\" content=\"https:\/\/www.univ-lorraine.fr\/culture\/wp-content\/uploads\/sites\/10\/2025\/12\/adobestock_295549940.jpg\" \/>\n\t<meta property=\"og:image:width\" content=\"1120\" \/>\n\t<meta property=\"og:image:height\" content=\"700\" \/>\n\t<meta property=\"og:image:type\" content=\"image\/jpeg\" \/>\n<meta name=\"twitter:card\" content=\"summary_large_image\" \/>\n<meta name=\"twitter:label1\" content=\"Dur\u00e9e de lecture estim\u00e9e\" \/>\n\t<meta name=\"twitter:data1\" content=\"1 minute\" \/>\n<script type=\"application\/ld+json\" class=\"yoast-schema-graph\">{\"@context\":\"https:\\\/\\\/schema.org\",\"@graph\":[{\"@type\":\"WebPage\",\"@id\":\"https:\\\/\\\/www.univ-lorraine.fr\\\/culture\\\/factuel-contenu-cult\\\/midi-discussion-les-publics-minorises-et-lacces-au-soin\\\/\",\"url\":\"https:\\\/\\\/www.univ-lorraine.fr\\\/culture\\\/factuel-contenu-cult\\\/midi-discussion-les-publics-minorises-et-lacces-au-soin\\\/\",\"name\":\"[Midi discussion] Les publics minoris\u00e9s et l'acc\u00e8s au soin - Culture\",\"isPartOf\":{\"@id\":\"https:\\\/\\\/www.univ-lorraine.fr\\\/culture\\\/#website\"},\"primaryImageOfPage\":{\"@id\":\"https:\\\/\\\/www.univ-lorraine.fr\\\/culture\\\/factuel-contenu-cult\\\/midi-discussion-les-publics-minorises-et-lacces-au-soin\\\/#primaryimage\"},\"image\":{\"@id\":\"https:\\\/\\\/www.univ-lorraine.fr\\\/culture\\\/factuel-contenu-cult\\\/midi-discussion-les-publics-minorises-et-lacces-au-soin\\\/#primaryimage\"},\"thumbnailUrl\":\"https:\\\/\\\/www.univ-lorraine.fr\\\/culture\\\/wp-content\\\/uploads\\\/sites\\\/10\\\/2025\\\/12\\\/adobestock_295549940.jpg\",\"datePublished\":\"2025-12-01T23:00:00+00:00\",\"dateModified\":\"2026-02-04T04:03:26+00:00\",\"breadcrumb\":{\"@id\":\"https:\\\/\\\/www.univ-lorraine.fr\\\/culture\\\/factuel-contenu-cult\\\/midi-discussion-les-publics-minorises-et-lacces-au-soin\\\/#breadcrumb\"},\"inLanguage\":\"fr-FR\",\"potentialAction\":[{\"@type\":\"ReadAction\",\"target\":[\"https:\\\/\\\/www.univ-lorraine.fr\\\/culture\\\/factuel-contenu-cult\\\/midi-discussion-les-publics-minorises-et-lacces-au-soin\\\/\"]}]},{\"@type\":\"ImageObject\",\"inLanguage\":\"fr-FR\",\"@id\":\"https:\\\/\\\/www.univ-lorraine.fr\\\/culture\\\/factuel-contenu-cult\\\/midi-discussion-les-publics-minorises-et-lacces-au-soin\\\/#primaryimage\",\"url\":\"https:\\\/\\\/www.univ-lorraine.fr\\\/culture\\\/wp-content\\\/uploads\\\/sites\\\/10\\\/2025\\\/12\\\/adobestock_295549940.jpg\",\"contentUrl\":\"https:\\\/\\\/www.univ-lorraine.fr\\\/culture\\\/wp-content\\\/uploads\\\/sites\\\/10\\\/2025\\\/12\\\/adobestock_295549940.jpg\",\"width\":1120,\"height\":700},{\"@type\":\"BreadcrumbList\",\"@id\":\"https:\\\/\\\/www.univ-lorraine.fr\\\/culture\\\/factuel-contenu-cult\\\/midi-discussion-les-publics-minorises-et-lacces-au-soin\\\/#breadcrumb\",\"itemListElement\":[{\"@type\":\"ListItem\",\"position\":1,\"name\":\"Accueil\",\"item\":\"https:\\\/\\\/www.univ-lorraine.fr\\\/culture\\\/\"},{\"@type\":\"ListItem\",\"position\":2,\"name\":\"[Midi discussion] Les publics minoris\u00e9s et l&rsquo;acc\u00e8s au soin\"}]},{\"@type\":\"WebSite\",\"@id\":\"https:\\\/\\\/www.univ-lorraine.fr\\\/culture\\\/#website\",\"url\":\"https:\\\/\\\/www.univ-lorraine.fr\\\/culture\\\/\",\"name\":\"Culture\",\"description\":\"\",\"publisher\":{\"@id\":\"https:\\\/\\\/www.univ-lorraine.fr\\\/culture\\\/#organization\"},\"potentialAction\":[{\"@type\":\"SearchAction\",\"target\":{\"@type\":\"EntryPoint\",\"urlTemplate\":\"https:\\\/\\\/www.univ-lorraine.fr\\\/culture\\\/?s={search_term_string}\"},\"query-input\":{\"@type\":\"PropertyValueSpecification\",\"valueRequired\":true,\"valueName\":\"search_term_string\"}}],\"inLanguage\":\"fr-FR\"},{\"@type\":\"Organization\",\"@id\":\"https:\\\/\\\/www.univ-lorraine.fr\\\/culture\\\/#organization\",\"name\":\"Universit\u00e9 de Lorraine\",\"url\":\"https:\\\/\\\/www.univ-lorraine.fr\\\/culture\\\/\",\"logo\":{\"@type\":\"ImageObject\",\"inLanguage\":\"fr-FR\",\"@id\":\"https:\\\/\\\/www.univ-lorraine.fr\\\/culture\\\/#\\\/schema\\\/logo\\\/image\\\/\",\"url\":\"https:\\\/\\\/www.univ-lorraine.fr\\\/culture\\\/wp-content\\\/uploads\\\/sites\\\/10\\\/2021\\\/01\\\/LOGO_UL.png\",\"contentUrl\":\"https:\\\/\\\/www.univ-lorraine.fr\\\/culture\\\/wp-content\\\/uploads\\\/sites\\\/10\\\/2021\\\/01\\\/LOGO_UL.png\",\"width\":138,\"height\":48,\"caption\":\"Universit\u00e9 de Lorraine\"},\"image\":{\"@id\":\"https:\\\/\\\/www.univ-lorraine.fr\\\/culture\\\/#\\\/schema\\\/logo\\\/image\\\/\"}}]}<\/script>\n<!-- \/ Yoast SEO plugin. -->","yoast_head_json":{"title":"[Midi discussion] Les publics minoris\u00e9s et l'acc\u00e8s au soin - Culture","robots":{"index":"index","follow":"follow","max-snippet":"max-snippet:-1","max-image-preview":"max-image-preview:large","max-video-preview":"max-video-preview:-1"},"canonical":"https:\/\/www.univ-lorraine.fr\/culture\/factuel-contenu-cult\/midi-discussion-les-publics-minorises-et-lacces-au-soin\/","og_locale":"fr_FR","og_type":"article","og_title":"[Midi discussion] Les publics minoris\u00e9s et l'acc\u00e8s au soin - Culture","og_description":"Le 6 mai 2025, le rapport du d\u00e9fenseur des droits fait un point sur la situation : &quot;En France, l\u2019acc\u00e8s aux soins n\u2019est pas \u00e9gal pour\u00a0tous\u00b7tes. Origine, pr\u00e9carit\u00e9, handicap, identit\u00e9 de genre&#8230; Autant de crit\u00e8res qui, en th\u00e9orie, ne devraient avoir aucune incidence sur la prise en charge m\u00e9dicale, mais qui, dans la r\u00e9alit\u00e9, engendrent ... Lire plus","og_url":"https:\/\/www.univ-lorraine.fr\/culture\/factuel-contenu-cult\/midi-discussion-les-publics-minorises-et-lacces-au-soin\/","og_site_name":"Culture","article_modified_time":"2026-02-04T04:03:26+00:00","og_image":[{"width":1120,"height":700,"url":"https:\/\/www.univ-lorraine.fr\/culture\/wp-content\/uploads\/sites\/10\/2025\/12\/adobestock_295549940.jpg","type":"image\/jpeg"}],"twitter_card":"summary_large_image","twitter_misc":{"Dur\u00e9e de lecture estim\u00e9e":"1 minute"},"schema":{"@context":"https:\/\/schema.org","@graph":[{"@type":"WebPage","@id":"https:\/\/www.univ-lorraine.fr\/culture\/factuel-contenu-cult\/midi-discussion-les-publics-minorises-et-lacces-au-soin\/","url":"https:\/\/www.univ-lorraine.fr\/culture\/factuel-contenu-cult\/midi-discussion-les-publics-minorises-et-lacces-au-soin\/","name":"[Midi discussion] Les publics minoris\u00e9s et l'acc\u00e8s au soin - Culture","isPartOf":{"@id":"https:\/\/www.univ-lorraine.fr\/culture\/#website"},"primaryImageOfPage":{"@id":"https:\/\/www.univ-lorraine.fr\/culture\/factuel-contenu-cult\/midi-discussion-les-publics-minorises-et-lacces-au-soin\/#primaryimage"},"image":{"@id":"https:\/\/www.univ-lorraine.fr\/culture\/factuel-contenu-cult\/midi-discussion-les-publics-minorises-et-lacces-au-soin\/#primaryimage"},"thumbnailUrl":"https:\/\/www.univ-lorraine.fr\/culture\/wp-content\/uploads\/sites\/10\/2025\/12\/adobestock_295549940.jpg","datePublished":"2025-12-01T23:00:00+00:00","dateModified":"2026-02-04T04:03:26+00:00","breadcrumb":{"@id":"https:\/\/www.univ-lorraine.fr\/culture\/factuel-contenu-cult\/midi-discussion-les-publics-minorises-et-lacces-au-soin\/#breadcrumb"},"inLanguage":"fr-FR","potentialAction":[{"@type":"ReadAction","target":["https:\/\/www.univ-lorraine.fr\/culture\/factuel-contenu-cult\/midi-discussion-les-publics-minorises-et-lacces-au-soin\/"]}]},{"@type":"ImageObject","inLanguage":"fr-FR","@id":"https:\/\/www.univ-lorraine.fr\/culture\/factuel-contenu-cult\/midi-discussion-les-publics-minorises-et-lacces-au-soin\/#primaryimage","url":"https:\/\/www.univ-lorraine.fr\/culture\/wp-content\/uploads\/sites\/10\/2025\/12\/adobestock_295549940.jpg","contentUrl":"https:\/\/www.univ-lorraine.fr\/culture\/wp-content\/uploads\/sites\/10\/2025\/12\/adobestock_295549940.jpg","width":1120,"height":700},{"@type":"BreadcrumbList","@id":"https:\/\/www.univ-lorraine.fr\/culture\/factuel-contenu-cult\/midi-discussion-les-publics-minorises-et-lacces-au-soin\/#breadcrumb","itemListElement":[{"@type":"ListItem","position":1,"name":"Accueil","item":"https:\/\/www.univ-lorraine.fr\/culture\/"},{"@type":"ListItem","position":2,"name":"[Midi discussion] Les publics minoris\u00e9s et l&rsquo;acc\u00e8s au soin"}]},{"@type":"WebSite","@id":"https:\/\/www.univ-lorraine.fr\/culture\/#website","url":"https:\/\/www.univ-lorraine.fr\/culture\/","name":"Culture","description":"","publisher":{"@id":"https:\/\/www.univ-lorraine.fr\/culture\/#organization"},"potentialAction":[{"@type":"SearchAction","target":{"@type":"EntryPoint","urlTemplate":"https:\/\/www.univ-lorraine.fr\/culture\/?s={search_term_string}"},"query-input":{"@type":"PropertyValueSpecification","valueRequired":true,"valueName":"search_term_string"}}],"inLanguage":"fr-FR"},{"@type":"Organization","@id":"https:\/\/www.univ-lorraine.fr\/culture\/#organization","name":"Universit\u00e9 de Lorraine","url":"https:\/\/www.univ-lorraine.fr\/culture\/","logo":{"@type":"ImageObject","inLanguage":"fr-FR","@id":"https:\/\/www.univ-lorraine.fr\/culture\/#\/schema\/logo\/image\/","url":"https:\/\/www.univ-lorraine.fr\/culture\/wp-content\/uploads\/sites\/10\/2021\/01\/LOGO_UL.png","contentUrl":"https:\/\/www.univ-lorraine.fr\/culture\/wp-content\/uploads\/sites\/10\/2021\/01\/LOGO_UL.png","width":138,"height":48,"caption":"Universit\u00e9 de Lorraine"},"image":{"@id":"https:\/\/www.univ-lorraine.fr\/culture\/#\/schema\/logo\/image\/"}}]}},"_links":{"self":[{"href":"https:\/\/www.univ-lorraine.fr\/culture\/wp-json\/wp\/v2\/factuel_contenu_cult\/9565","targetHints":{"allow":["GET"]}}],"collection":[{"href":"https:\/\/www.univ-lorraine.fr\/culture\/wp-json\/wp\/v2\/factuel_contenu_cult"}],"about":[{"href":"https:\/\/www.univ-lorraine.fr\/culture\/wp-json\/wp\/v2\/types\/factuel_contenu_cult"}],"wp:featuredmedia":[{"embeddable":true,"href":"https:\/\/www.univ-lorraine.fr\/culture\/wp-json\/wp\/v2\/media\/9566"}],"wp:attachment":[{"href":"https:\/\/www.univ-lorraine.fr\/culture\/wp-json\/wp\/v2\/media?parent=9565"}],"wp:term":[{"taxonomy":"factuel_-_type","embeddable":true,"href":"https:\/\/www.univ-lorraine.fr\/culture\/wp-json\/wp\/v2\/factuel_-_type?post=9565"},{"taxonomy":"factuel-ville","embeddable":true,"href":"https:\/\/www.univ-lorraine.fr\/culture\/wp-json\/wp\/v2\/factuel-ville?post=9565"},{"taxonomy":"factuel-mots-cles","embeddable":true,"href":"https:\/\/www.univ-lorraine.fr\/culture\/wp-json\/wp\/v2\/factuel-mots-cles?post=9565"},{"taxonomy":"factuel-kwd-culture","embeddable":true,"href":"https:\/\/www.univ-lorraine.fr\/culture\/wp-json\/wp\/v2\/factuel-kwd-culture?post=9565"}],"curies":[{"name":"wp","href":"https:\/\/api.w.org\/{rel}","templated":true}]}}