{"id":1458,"date":"2022-07-08T08:45:03","date_gmt":"2022-07-08T06:45:03","guid":{"rendered":"https:\/\/www.univ-lorraine.fr\/osezlarecherche\/?p=1458"},"modified":"2022-07-13T09:30:45","modified_gmt":"2022-07-13T07:30:45","slug":"cette-formation-permet-de-prendre-de-la-hauteur","status":"publish","type":"post","link":"https:\/\/www.univ-lorraine.fr\/osezlarecherche\/2022\/07\/08\/cette-formation-permet-de-prendre-de-la-hauteur\/","title":{"rendered":"\u00a0\u00bb Cette formation permet de prendre de la hauteur \u00ab\u00a0"},"content":{"rendered":"\n<p><\/p>\n\n\n\n<h2 class=\"gb-headline gb-headline-f9af177c gb-headline-text\">Pourquoi vous \u00eates-vous inscrit au workshop ?<\/h2>\n\n\n\n<p><strong>Gustavo Ecteveste : <\/strong>Ma th\u00e8se porte sur l\u2019\u00e9lectrochimie localis\u00e9e et la propri\u00e9t\u00e9s des mat\u00e9riaux. Par le pass\u00e9, je travaillais dans une entreprise qui faisait le rev\u00eatement des voitures, et je veux revenir dans l&rsquo;industrie automobile qui est tr\u00e8s li\u00e9e aux batteries. Dans l&rsquo;industrie automobile, l&rsquo;industrie 4.0 est quelque chose que vous devez conna\u00eetre. Je sais combien la production de voitures et le concept d&rsquo;industrie 4.0 sont difficiles.<\/p>\n\n\n\n<h2 class=\"wp-block-heading\">Qu&rsquo;est-ce que la formation vous a apport\u00e9<\/h2>\n\n\n\n<p><strong>Gustavo Ecteveste : <\/strong>Une perspective diff\u00e9rente. Dans l&rsquo;industrie, vous \u00eates \u00e0 l&rsquo;int\u00e9rieur de la maison et maintenant vous voyez la maison de l&rsquo;ext\u00e9rieur. Dans l&rsquo;industrie, vous ne voyez que la machine et la voiture qui sortent. Vous n&rsquo;\u00eates pas en mesure de voir le concept global. Cette formation permet justement de prendre de la hauteur, de voir ce concept.<\/p>\n\n\n\n<h2 class=\"wp-block-heading\">Que pensez-vous de la dimension internationale et interdisciplinaire de ce workshop ? <\/h2>\n\n\n\n<p><strong>Gustavo Ecteveste : <\/strong>J&rsquo;aime la dimension internationale et interdisciplinaire. Je viens d&rsquo;Argentine, j&rsquo;ai v\u00e9cu en Espagne, maintenant je suis en France, j&rsquo;ai aussi v\u00e9cu en Allemagne. Si vous prenez le meilleur de tout (chaque culture et chaque personne), vous pouvez essayer de l&#8217;emporter avec vous et de vous en servir comme une v\u00e9ritable richesse.<\/p>\n\n\n\n<p><em>Gustavo Ecteveste, doctorant \u00e0 l\u2019\u00e9cole doctorale \u00e0 l\u2019\u00c9cole Doctorale Chimie &#8211; M\u00e9canique &#8211; Mat\u00e9riaux- Physique (C2MP) au sein du laboratoire LCPME, a particip\u00e9 au workshop Franco-allemand \u201d Industry 4.0 in practice \u201d qui s\u2019est tenu du 1er au 3 juin 2022 en Allemagne \u00e0 l\u2019Universit\u00e9 de Kayserslautern.<\/em><\/p>\n","protected":false},"excerpt":{"rendered":"<p>Pourquoi vous \u00eates-vous inscrit au workshop ? Gustavo Ecteveste : Ma th\u00e8se porte sur l\u2019\u00e9lectrochimie localis\u00e9e et la propri\u00e9t\u00e9s des mat\u00e9riaux. Par le pass\u00e9, je travaillais dans une entreprise qui faisait le rev\u00eatement des voitures, et je veux revenir dans l&rsquo;industrie automobile qui est tr\u00e8s li\u00e9e aux batteries. Dans l&rsquo;industrie automobile, l&rsquo;industrie 4.0 est quelque &#8230; <a title=\"\u00a0\u00bb Cette formation permet de prendre de la hauteur \u00ab\u00a0\" class=\"read-more\" href=\"https:\/\/www.univ-lorraine.fr\/osezlarecherche\/2022\/07\/08\/cette-formation-permet-de-prendre-de-la-hauteur\/\" aria-label=\"En savoir plus sur \u00a0\u00bb Cette formation permet de prendre de la hauteur \u00ab\u00a0\">Lire plus<\/a><\/p>\n","protected":false},"author":30,"featured_media":877,"comment_status":"closed","ping_status":"closed","sticky":false,"template":"","format":"standard","meta":{"inline_featured_image":false,"footnotes":""},"categories":[1,20],"tags":[],"class_list":["post-1458","post","type-post","status-publish","format-standard","has-post-thumbnail","hentry","category-non-classe","category-temoignages"],"yoast_head":"<!-- This site is optimized with the Yoast SEO plugin v27.4 - https:\/\/yoast.com\/product\/yoast-seo-wordpress\/ -->\n<title>&quot; Cette formation permet de prendre de la hauteur &quot; - Osez la recherche<\/title>\n<meta name=\"robots\" content=\"index, follow, max-snippet:-1, max-image-preview:large, max-video-preview:-1\" \/>\n<link rel=\"canonical\" href=\"https:\/\/www.univ-lorraine.fr\/osezlarecherche\/2022\/07\/08\/cette-formation-permet-de-prendre-de-la-hauteur\/\" \/>\n<meta property=\"og:locale\" content=\"fr_FR\" \/>\n<meta property=\"og:type\" content=\"article\" \/>\n<meta property=\"og:title\" content=\"&quot; Cette formation permet de prendre de la hauteur &quot; - Osez la recherche\" \/>\n<meta property=\"og:description\" content=\"Pourquoi vous \u00eates-vous inscrit au workshop ? Gustavo Ecteveste : Ma th\u00e8se porte sur l\u2019\u00e9lectrochimie localis\u00e9e et la propri\u00e9t\u00e9s des mat\u00e9riaux. Par le pass\u00e9, je travaillais dans une entreprise qui faisait le rev\u00eatement des voitures, et je veux revenir dans l&rsquo;industrie automobile qui est tr\u00e8s li\u00e9e aux batteries. Dans l&rsquo;industrie automobile, l&rsquo;industrie 4.0 est quelque ... Lire plus\" \/>\n<meta property=\"og:url\" content=\"https:\/\/www.univ-lorraine.fr\/osezlarecherche\/2022\/07\/08\/cette-formation-permet-de-prendre-de-la-hauteur\/\" \/>\n<meta property=\"og:site_name\" content=\"Osez la recherche\" \/>\n<meta property=\"article:published_time\" content=\"2022-07-08T06:45:03+00:00\" \/>\n<meta property=\"article:modified_time\" content=\"2022-07-13T07:30:45+00:00\" \/>\n<meta property=\"og:image\" content=\"https:\/\/www.univ-lorraine.fr\/osezlarecherche\/wp-content\/uploads\/sites\/32\/2022\/01\/developpersonreseau-seul.png\" \/>\n\t<meta property=\"og:image:width\" content=\"231\" \/>\n\t<meta property=\"og:image:height\" content=\"283\" \/>\n\t<meta property=\"og:image:type\" content=\"image\/png\" \/>\n<meta name=\"author\" content=\"Aude Angster\" \/>\n<meta name=\"twitter:card\" content=\"summary_large_image\" \/>\n<meta name=\"twitter:label1\" content=\"\u00c9crit par\" \/>\n\t<meta name=\"twitter:data1\" content=\"Aude Angster\" \/>\n\t<meta name=\"twitter:label2\" content=\"Dur\u00e9e de lecture estim\u00e9e\" \/>\n\t<meta name=\"twitter:data2\" content=\"2 minutes\" \/>\n<script type=\"application\/ld+json\" class=\"yoast-schema-graph\">{\"@context\":\"https:\\\/\\\/schema.org\",\"@graph\":[{\"@type\":\"Article\",\"@id\":\"https:\\\/\\\/www.univ-lorraine.fr\\\/osezlarecherche\\\/2022\\\/07\\\/08\\\/cette-formation-permet-de-prendre-de-la-hauteur\\\/#article\",\"isPartOf\":{\"@id\":\"https:\\\/\\\/www.univ-lorraine.fr\\\/osezlarecherche\\\/2022\\\/07\\\/08\\\/cette-formation-permet-de-prendre-de-la-hauteur\\\/\"},\"author\":{\"name\":\"Aude Angster\",\"@id\":\"https:\\\/\\\/www.univ-lorraine.fr\\\/osezlarecherche\\\/#\\\/schema\\\/person\\\/9249b61a5fdf596790f92afdaa91d185\"},\"headline\":\"\u00a0\u00bb Cette formation permet de prendre de la hauteur \u00ab\u00a0\",\"datePublished\":\"2022-07-08T06:45:03+00:00\",\"dateModified\":\"2022-07-13T07:30:45+00:00\",\"mainEntityOfPage\":{\"@id\":\"https:\\\/\\\/www.univ-lorraine.fr\\\/osezlarecherche\\\/2022\\\/07\\\/08\\\/cette-formation-permet-de-prendre-de-la-hauteur\\\/\"},\"wordCount\":283,\"publisher\":{\"@id\":\"https:\\\/\\\/www.univ-lorraine.fr\\\/osezlarecherche\\\/#organization\"},\"image\":{\"@id\":\"https:\\\/\\\/www.univ-lorraine.fr\\\/osezlarecherche\\\/2022\\\/07\\\/08\\\/cette-formation-permet-de-prendre-de-la-hauteur\\\/#primaryimage\"},\"thumbnailUrl\":\"https:\\\/\\\/www.univ-lorraine.fr\\\/osezlarecherche\\\/wp-content\\\/uploads\\\/sites\\\/32\\\/2022\\\/01\\\/developpersonreseau-seul.png\",\"articleSection\":{\"1\":\"T\u00e9moignages\"},\"inLanguage\":\"fr-FR\"},{\"@type\":\"WebPage\",\"@id\":\"https:\\\/\\\/www.univ-lorraine.fr\\\/osezlarecherche\\\/2022\\\/07\\\/08\\\/cette-formation-permet-de-prendre-de-la-hauteur\\\/\",\"url\":\"https:\\\/\\\/www.univ-lorraine.fr\\\/osezlarecherche\\\/2022\\\/07\\\/08\\\/cette-formation-permet-de-prendre-de-la-hauteur\\\/\",\"name\":\"\\\" Cette formation permet de prendre de la hauteur \\\" - Osez la recherche\",\"isPartOf\":{\"@id\":\"https:\\\/\\\/www.univ-lorraine.fr\\\/osezlarecherche\\\/#website\"},\"primaryImageOfPage\":{\"@id\":\"https:\\\/\\\/www.univ-lorraine.fr\\\/osezlarecherche\\\/2022\\\/07\\\/08\\\/cette-formation-permet-de-prendre-de-la-hauteur\\\/#primaryimage\"},\"image\":{\"@id\":\"https:\\\/\\\/www.univ-lorraine.fr\\\/osezlarecherche\\\/2022\\\/07\\\/08\\\/cette-formation-permet-de-prendre-de-la-hauteur\\\/#primaryimage\"},\"thumbnailUrl\":\"https:\\\/\\\/www.univ-lorraine.fr\\\/osezlarecherche\\\/wp-content\\\/uploads\\\/sites\\\/32\\\/2022\\\/01\\\/developpersonreseau-seul.png\",\"datePublished\":\"2022-07-08T06:45:03+00:00\",\"dateModified\":\"2022-07-13T07:30:45+00:00\",\"breadcrumb\":{\"@id\":\"https:\\\/\\\/www.univ-lorraine.fr\\\/osezlarecherche\\\/2022\\\/07\\\/08\\\/cette-formation-permet-de-prendre-de-la-hauteur\\\/#breadcrumb\"},\"inLanguage\":\"fr-FR\",\"potentialAction\":[{\"@type\":\"ReadAction\",\"target\":[\"https:\\\/\\\/www.univ-lorraine.fr\\\/osezlarecherche\\\/2022\\\/07\\\/08\\\/cette-formation-permet-de-prendre-de-la-hauteur\\\/\"]}]},{\"@type\":\"ImageObject\",\"inLanguage\":\"fr-FR\",\"@id\":\"https:\\\/\\\/www.univ-lorraine.fr\\\/osezlarecherche\\\/2022\\\/07\\\/08\\\/cette-formation-permet-de-prendre-de-la-hauteur\\\/#primaryimage\",\"url\":\"https:\\\/\\\/www.univ-lorraine.fr\\\/osezlarecherche\\\/wp-content\\\/uploads\\\/sites\\\/32\\\/2022\\\/01\\\/developpersonreseau-seul.png\",\"contentUrl\":\"https:\\\/\\\/www.univ-lorraine.fr\\\/osezlarecherche\\\/wp-content\\\/uploads\\\/sites\\\/32\\\/2022\\\/01\\\/developpersonreseau-seul.png\",\"width\":231,\"height\":283},{\"@type\":\"BreadcrumbList\",\"@id\":\"https:\\\/\\\/www.univ-lorraine.fr\\\/osezlarecherche\\\/2022\\\/07\\\/08\\\/cette-formation-permet-de-prendre-de-la-hauteur\\\/#breadcrumb\",\"itemListElement\":[{\"@type\":\"ListItem\",\"position\":1,\"name\":\"Accueil\",\"item\":\"https:\\\/\\\/www.univ-lorraine.fr\\\/osezlarecherche\\\/\"},{\"@type\":\"ListItem\",\"position\":2,\"name\":\"&#8221; Cette formation permet de prendre de la hauteur &#8220;\"}]},{\"@type\":\"WebSite\",\"@id\":\"https:\\\/\\\/www.univ-lorraine.fr\\\/osezlarecherche\\\/#website\",\"url\":\"https:\\\/\\\/www.univ-lorraine.fr\\\/osezlarecherche\\\/\",\"name\":\"Osez la recherche\",\"description\":\"\",\"publisher\":{\"@id\":\"https:\\\/\\\/www.univ-lorraine.fr\\\/osezlarecherche\\\/#organization\"},\"potentialAction\":[{\"@type\":\"SearchAction\",\"target\":{\"@type\":\"EntryPoint\",\"urlTemplate\":\"https:\\\/\\\/www.univ-lorraine.fr\\\/osezlarecherche\\\/?s={search_term_string}\"},\"query-input\":{\"@type\":\"PropertyValueSpecification\",\"valueRequired\":true,\"valueName\":\"search_term_string\"}}],\"inLanguage\":\"fr-FR\"},{\"@type\":\"Organization\",\"@id\":\"https:\\\/\\\/www.univ-lorraine.fr\\\/osezlarecherche\\\/#organization\",\"name\":\"Osez la recherche\",\"url\":\"https:\\\/\\\/www.univ-lorraine.fr\\\/osezlarecherche\\\/\",\"logo\":{\"@type\":\"ImageObject\",\"inLanguage\":\"fr-FR\",\"@id\":\"https:\\\/\\\/www.univ-lorraine.fr\\\/osezlarecherche\\\/#\\\/schema\\\/logo\\\/image\\\/\",\"url\":\"https:\\\/\\\/www.univ-lorraine.fr\\\/osezlarecherche\\\/wp-content\\\/uploads\\\/sites\\\/32\\\/2021\\\/12\\\/logo.png\",\"contentUrl\":\"https:\\\/\\\/www.univ-lorraine.fr\\\/osezlarecherche\\\/wp-content\\\/uploads\\\/sites\\\/32\\\/2021\\\/12\\\/logo.png\",\"width\":130,\"height\":65,\"caption\":\"Osez la recherche\"},\"image\":{\"@id\":\"https:\\\/\\\/www.univ-lorraine.fr\\\/osezlarecherche\\\/#\\\/schema\\\/logo\\\/image\\\/\"}},{\"@type\":\"Person\",\"@id\":\"https:\\\/\\\/www.univ-lorraine.fr\\\/osezlarecherche\\\/#\\\/schema\\\/person\\\/9249b61a5fdf596790f92afdaa91d185\",\"name\":\"Aude Angster\",\"image\":{\"@type\":\"ImageObject\",\"inLanguage\":\"fr-FR\",\"@id\":\"https:\\\/\\\/secure.gravatar.com\\\/avatar\\\/d1886575180c0d3aad2c80208a93ae9475c8be41f412ed4902a48b4de4ca655f?s=96&d=mm&r=g\",\"url\":\"https:\\\/\\\/secure.gravatar.com\\\/avatar\\\/d1886575180c0d3aad2c80208a93ae9475c8be41f412ed4902a48b4de4ca655f?s=96&d=mm&r=g\",\"contentUrl\":\"https:\\\/\\\/secure.gravatar.com\\\/avatar\\\/d1886575180c0d3aad2c80208a93ae9475c8be41f412ed4902a48b4de4ca655f?s=96&d=mm&r=g\",\"caption\":\"Aude Angster\"},\"url\":\"https:\\\/\\\/www.univ-lorraine.fr\\\/osezlarecherche\\\/author\\\/aude-angster\\\/\"}]}<\/script>\n<!-- \/ Yoast SEO plugin. -->","yoast_head_json":{"title":"\" Cette formation permet de prendre de la hauteur \" - Osez la recherche","robots":{"index":"index","follow":"follow","max-snippet":"max-snippet:-1","max-image-preview":"max-image-preview:large","max-video-preview":"max-video-preview:-1"},"canonical":"https:\/\/www.univ-lorraine.fr\/osezlarecherche\/2022\/07\/08\/cette-formation-permet-de-prendre-de-la-hauteur\/","og_locale":"fr_FR","og_type":"article","og_title":"\" Cette formation permet de prendre de la hauteur \" - Osez la recherche","og_description":"Pourquoi vous \u00eates-vous inscrit au workshop ? Gustavo Ecteveste : Ma th\u00e8se porte sur l\u2019\u00e9lectrochimie localis\u00e9e et la propri\u00e9t\u00e9s des mat\u00e9riaux. Par le pass\u00e9, je travaillais dans une entreprise qui faisait le rev\u00eatement des voitures, et je veux revenir dans l&rsquo;industrie automobile qui est tr\u00e8s li\u00e9e aux batteries. Dans l&rsquo;industrie automobile, l&rsquo;industrie 4.0 est quelque ... Lire plus","og_url":"https:\/\/www.univ-lorraine.fr\/osezlarecherche\/2022\/07\/08\/cette-formation-permet-de-prendre-de-la-hauteur\/","og_site_name":"Osez la recherche","article_published_time":"2022-07-08T06:45:03+00:00","article_modified_time":"2022-07-13T07:30:45+00:00","og_image":[{"width":231,"height":283,"url":"https:\/\/www.univ-lorraine.fr\/osezlarecherche\/wp-content\/uploads\/sites\/32\/2022\/01\/developpersonreseau-seul.png","type":"image\/png"}],"author":"Aude Angster","twitter_card":"summary_large_image","twitter_misc":{"\u00c9crit par":"Aude Angster","Dur\u00e9e de lecture estim\u00e9e":"2 minutes"},"schema":{"@context":"https:\/\/schema.org","@graph":[{"@type":"Article","@id":"https:\/\/www.univ-lorraine.fr\/osezlarecherche\/2022\/07\/08\/cette-formation-permet-de-prendre-de-la-hauteur\/#article","isPartOf":{"@id":"https:\/\/www.univ-lorraine.fr\/osezlarecherche\/2022\/07\/08\/cette-formation-permet-de-prendre-de-la-hauteur\/"},"author":{"name":"Aude Angster","@id":"https:\/\/www.univ-lorraine.fr\/osezlarecherche\/#\/schema\/person\/9249b61a5fdf596790f92afdaa91d185"},"headline":"\u00a0\u00bb Cette formation permet de prendre de la hauteur \u00ab\u00a0","datePublished":"2022-07-08T06:45:03+00:00","dateModified":"2022-07-13T07:30:45+00:00","mainEntityOfPage":{"@id":"https:\/\/www.univ-lorraine.fr\/osezlarecherche\/2022\/07\/08\/cette-formation-permet-de-prendre-de-la-hauteur\/"},"wordCount":283,"publisher":{"@id":"https:\/\/www.univ-lorraine.fr\/osezlarecherche\/#organization"},"image":{"@id":"https:\/\/www.univ-lorraine.fr\/osezlarecherche\/2022\/07\/08\/cette-formation-permet-de-prendre-de-la-hauteur\/#primaryimage"},"thumbnailUrl":"https:\/\/www.univ-lorraine.fr\/osezlarecherche\/wp-content\/uploads\/sites\/32\/2022\/01\/developpersonreseau-seul.png","articleSection":{"1":"T\u00e9moignages"},"inLanguage":"fr-FR"},{"@type":"WebPage","@id":"https:\/\/www.univ-lorraine.fr\/osezlarecherche\/2022\/07\/08\/cette-formation-permet-de-prendre-de-la-hauteur\/","url":"https:\/\/www.univ-lorraine.fr\/osezlarecherche\/2022\/07\/08\/cette-formation-permet-de-prendre-de-la-hauteur\/","name":"\" Cette formation permet de prendre de la hauteur \" - Osez la recherche","isPartOf":{"@id":"https:\/\/www.univ-lorraine.fr\/osezlarecherche\/#website"},"primaryImageOfPage":{"@id":"https:\/\/www.univ-lorraine.fr\/osezlarecherche\/2022\/07\/08\/cette-formation-permet-de-prendre-de-la-hauteur\/#primaryimage"},"image":{"@id":"https:\/\/www.univ-lorraine.fr\/osezlarecherche\/2022\/07\/08\/cette-formation-permet-de-prendre-de-la-hauteur\/#primaryimage"},"thumbnailUrl":"https:\/\/www.univ-lorraine.fr\/osezlarecherche\/wp-content\/uploads\/sites\/32\/2022\/01\/developpersonreseau-seul.png","datePublished":"2022-07-08T06:45:03+00:00","dateModified":"2022-07-13T07:30:45+00:00","breadcrumb":{"@id":"https:\/\/www.univ-lorraine.fr\/osezlarecherche\/2022\/07\/08\/cette-formation-permet-de-prendre-de-la-hauteur\/#breadcrumb"},"inLanguage":"fr-FR","potentialAction":[{"@type":"ReadAction","target":["https:\/\/www.univ-lorraine.fr\/osezlarecherche\/2022\/07\/08\/cette-formation-permet-de-prendre-de-la-hauteur\/"]}]},{"@type":"ImageObject","inLanguage":"fr-FR","@id":"https:\/\/www.univ-lorraine.fr\/osezlarecherche\/2022\/07\/08\/cette-formation-permet-de-prendre-de-la-hauteur\/#primaryimage","url":"https:\/\/www.univ-lorraine.fr\/osezlarecherche\/wp-content\/uploads\/sites\/32\/2022\/01\/developpersonreseau-seul.png","contentUrl":"https:\/\/www.univ-lorraine.fr\/osezlarecherche\/wp-content\/uploads\/sites\/32\/2022\/01\/developpersonreseau-seul.png","width":231,"height":283},{"@type":"BreadcrumbList","@id":"https:\/\/www.univ-lorraine.fr\/osezlarecherche\/2022\/07\/08\/cette-formation-permet-de-prendre-de-la-hauteur\/#breadcrumb","itemListElement":[{"@type":"ListItem","position":1,"name":"Accueil","item":"https:\/\/www.univ-lorraine.fr\/osezlarecherche\/"},{"@type":"ListItem","position":2,"name":"&#8221; Cette formation permet de prendre de la hauteur &#8220;"}]},{"@type":"WebSite","@id":"https:\/\/www.univ-lorraine.fr\/osezlarecherche\/#website","url":"https:\/\/www.univ-lorraine.fr\/osezlarecherche\/","name":"Osez la recherche","description":"","publisher":{"@id":"https:\/\/www.univ-lorraine.fr\/osezlarecherche\/#organization"},"potentialAction":[{"@type":"SearchAction","target":{"@type":"EntryPoint","urlTemplate":"https:\/\/www.univ-lorraine.fr\/osezlarecherche\/?s={search_term_string}"},"query-input":{"@type":"PropertyValueSpecification","valueRequired":true,"valueName":"search_term_string"}}],"inLanguage":"fr-FR"},{"@type":"Organization","@id":"https:\/\/www.univ-lorraine.fr\/osezlarecherche\/#organization","name":"Osez la recherche","url":"https:\/\/www.univ-lorraine.fr\/osezlarecherche\/","logo":{"@type":"ImageObject","inLanguage":"fr-FR","@id":"https:\/\/www.univ-lorraine.fr\/osezlarecherche\/#\/schema\/logo\/image\/","url":"https:\/\/www.univ-lorraine.fr\/osezlarecherche\/wp-content\/uploads\/sites\/32\/2021\/12\/logo.png","contentUrl":"https:\/\/www.univ-lorraine.fr\/osezlarecherche\/wp-content\/uploads\/sites\/32\/2021\/12\/logo.png","width":130,"height":65,"caption":"Osez la recherche"},"image":{"@id":"https:\/\/www.univ-lorraine.fr\/osezlarecherche\/#\/schema\/logo\/image\/"}},{"@type":"Person","@id":"https:\/\/www.univ-lorraine.fr\/osezlarecherche\/#\/schema\/person\/9249b61a5fdf596790f92afdaa91d185","name":"Aude Angster","image":{"@type":"ImageObject","inLanguage":"fr-FR","@id":"https:\/\/secure.gravatar.com\/avatar\/d1886575180c0d3aad2c80208a93ae9475c8be41f412ed4902a48b4de4ca655f?s=96&d=mm&r=g","url":"https:\/\/secure.gravatar.com\/avatar\/d1886575180c0d3aad2c80208a93ae9475c8be41f412ed4902a48b4de4ca655f?s=96&d=mm&r=g","contentUrl":"https:\/\/secure.gravatar.com\/avatar\/d1886575180c0d3aad2c80208a93ae9475c8be41f412ed4902a48b4de4ca655f?s=96&d=mm&r=g","caption":"Aude Angster"},"url":"https:\/\/www.univ-lorraine.fr\/osezlarecherche\/author\/aude-angster\/"}]}},"_links":{"self":[{"href":"https:\/\/www.univ-lorraine.fr\/osezlarecherche\/wp-json\/wp\/v2\/posts\/1458","targetHints":{"allow":["GET"]}}],"collection":[{"href":"https:\/\/www.univ-lorraine.fr\/osezlarecherche\/wp-json\/wp\/v2\/posts"}],"about":[{"href":"https:\/\/www.univ-lorraine.fr\/osezlarecherche\/wp-json\/wp\/v2\/types\/post"}],"author":[{"embeddable":true,"href":"https:\/\/www.univ-lorraine.fr\/osezlarecherche\/wp-json\/wp\/v2\/users\/30"}],"replies":[{"embeddable":true,"href":"https:\/\/www.univ-lorraine.fr\/osezlarecherche\/wp-json\/wp\/v2\/comments?post=1458"}],"version-history":[{"count":3,"href":"https:\/\/www.univ-lorraine.fr\/osezlarecherche\/wp-json\/wp\/v2\/posts\/1458\/revisions"}],"predecessor-version":[{"id":1519,"href":"https:\/\/www.univ-lorraine.fr\/osezlarecherche\/wp-json\/wp\/v2\/posts\/1458\/revisions\/1519"}],"wp:featuredmedia":[{"embeddable":true,"href":"https:\/\/www.univ-lorraine.fr\/osezlarecherche\/wp-json\/wp\/v2\/media\/877"}],"wp:attachment":[{"href":"https:\/\/www.univ-lorraine.fr\/osezlarecherche\/wp-json\/wp\/v2\/media?parent=1458"}],"wp:term":[{"taxonomy":"category","embeddable":true,"href":"https:\/\/www.univ-lorraine.fr\/osezlarecherche\/wp-json\/wp\/v2\/categories?post=1458"},{"taxonomy":"post_tag","embeddable":true,"href":"https:\/\/www.univ-lorraine.fr\/osezlarecherche\/wp-json\/wp\/v2\/tags?post=1458"}],"curies":[{"name":"wp","href":"https:\/\/api.w.org\/{rel}","templated":true}]}}