{"id":880,"date":"2023-02-23T10:08:59","date_gmt":"2023-02-23T09:08:59","guid":{"rendered":"https:\/\/www.univ-lorraine.fr\/welcome\/?p=880"},"modified":"2023-10-26T16:12:07","modified_gmt":"2023-10-26T14:12:07","slug":"valider-un-visa-long-sejour-valant-titre-de-sejour-vls-ts","status":"publish","type":"post","link":"https:\/\/www.univ-lorraine.fr\/welcome\/valider-un-visa-long-sejour-valant-titre-de-sejour-vls-ts\/","title":{"rendered":"Valider un Visa Long S\u00e9jour valant Titre de S\u00e9jour (VLS-TS)"},"content":{"rendered":"<div class=\"gb-grid-wrapper gb-grid-wrapper-d45d357e\">\n<div class=\"gb-grid-column gb-grid-column-fa6f67b6\"><div class=\"gb-container gb-container-fa6f67b6\">\n\n<p>Vous \u00eates arriv\u00e9 en France avec un VLS-TS, <strong>dans les 3 mois qui suivent votre arriv\u00e9e<\/strong>, vous devez <strong>obligatoirement <\/strong>valider votre visa pour lui donner pleine valeur de titre de s\u00e9jour, c&rsquo;est-\u00e0-dire, qu&rsquo;il vous donnera les m\u00eames droits.  <\/p>\n\n\n\n<p>Le visa de long s\u00e9jour valid\u00e9 remplace le titre de s\u00e9jour la premi\u00e8re ann\u00e9e de vos \u00e9tudes en France. Gardez bien la \u00ab\u00a0Confirmation de la validation\u00a0\u00bb de ce VLS-TS dans votre passeport avec votre visa.<\/p>\n\n<\/div><\/div>\n\n<div class=\"gb-grid-column gb-grid-column-4059d983\"><div class=\"gb-container gb-container-4059d983\">\n<div class=\"gb-container gb-container-11ab9120 logo-welcome\">\n<div class=\"gb-grid-wrapper gb-grid-wrapper-3e644299\">\n<div class=\"gb-grid-column gb-grid-column-ecf82584\"><div class=\"gb-container gb-container-ecf82584\">\n\n<figure class=\"wp-block-image size-full is-resized\"><img decoding=\"async\" width=\"70\" height=\"66\" src=\"https:\/\/www.univ-lorraine.fr\/welcome\/wp-content\/uploads\/sites\/41\/2023\/02\/isotype_ul.png\" alt=\"\" class=\"wp-image-1278\" style=\"width:70px;height:66px\"\/><\/figure>\n\n<\/div><\/div>\n\n<div class=\"gb-grid-column gb-grid-column-3b030eb1\"><div class=\"gb-container gb-container-3b030eb1 incline\">\n\n<p class=\"gb-headline gb-headline-ed03fd0f gb-headline-text\"><strong>Valider<\/strong><\/p>\n\n<\/div><\/div>\n\n<div class=\"gb-grid-column gb-grid-column-8568a6a8\"><div class=\"gb-container gb-container-8568a6a8\">\n\n<p class=\"gb-headline gb-headline-4b86ef7f gb-headline-text\"><strong>un vlS-TS<\/strong><\/p>\n\n<\/div><\/div>\n<\/div>\n<\/div>\n<\/div><\/div>\n<\/div>\n\n\n<p><strong>Attention !<\/strong> <strong>Si vous ne validez pas votre VLS-TS<\/strong> :<\/p>\n\n\n\n<ul class=\"wp-block-list\">\n<li>vous serez en situation irr\u00e9guli\u00e8re en France <\/li>\n\n\n\n<li>vous ne pourrez pas :\n<ul class=\"wp-block-list\">\n<li>b\u00e9n\u00e9ficier de l&rsquo;Assurance Maladie ni des aides au Logement de la CAF<\/li>\n\n\n\n<li>travailler \u00e0 titre accessoire<\/li>\n\n\n\n<li>effectuer un stage en entreprise ou une formation en alternance<\/li>\n\n\n\n<li>franchir les fronti\u00e8res de l\u2019Espace Schengen sans avoir \u00e0 demander un nouveau visa pour \u00eatre de nouveau autoris\u00e9 \u00e0 entrer en France<\/li>\n<\/ul>\n<\/li>\n<\/ul>\n\n\n\n<p>Si votre visa VLS-TS est expir\u00e9, vous ne pourrez pas le valider en ligne. Pour plus d&rsquo;information, contactez : <a href=\"mail&#116;&#111;&#58;&#100;&#114;&#x69;&#x65;&#x2d;&#x69;&#x6e;&#x66;&#x6f;-con&#116;&#97;&#99;&#116;&#64;&#x75;&#x6e;&#x69;&#x76;&#x2d;&#x6c;&#x6f;&#x72;rain&#101;&#46;&#102;&#114;\" target=\"_blank\" rel=\"noreferrer noopener\">&#x64;&#x72;&#x69;&#x65;&#x2d;&#x69;&#x6e;&#x66;&#x6f;&#x2d;&#x63;&#x6f;&#x6e;&#x74;&#x61;&#x63;&#x74;&#x40;&#x75;&#x6e;&#x69;&#x76;&#x2d;&#x6c;&#x6f;&#x72;&#x72;&#x61;&#x69;&#x6e;&#x65;&#x2e;&#x66;&#x72;<\/a><\/p>\n\n\n<div class=\"gb-container gb-container-c5380cdf\">\n<div class=\"gb-container gb-container-32f56680\">\n<div class=\"gb-container gb-container-4cd7c330\">\n\n<h3 class=\"gb-headline gb-headline-2cfc05ce gb-headline-text\"><strong>Vous<\/strong> <strong>n\u2019avez pas \u00e0 valider votre visa si vous avez un visa<\/strong><\/h3>\n\n\n\n<ul class=\"wp-block-list\">\n<li>type D &#8211; long s\u00e9jour &#8211; <strong>mention<\/strong> \u00ab\u00a0carte \u00e0 solliciter dans les 2 mois\u00a0\u00bb ou \u00ab\u00a0C. SEJ. A SOLLIC.\u00a0\u00bb<\/li>\n\n\n\n<li>type D &#8211; long s\u00e9jour &#8211; <strong>mention<\/strong> \u00ab\u00a0mineur scolaris\u00e9\u00a0\u00bb<\/li>\n\n\n\n<li>type C &#8211; court s\u00e9jour <strong>mention <\/strong>\u00ab\u00a0concours\u00a0\u00bb<\/li>\n<\/ul>\n\n\n\n<p><strong>Pour ces types de visa <a href=\"https:\/\/www.univ-lorraine.fr\/welcome\/titre-de-sejour\/?preview=true\">vous devez demander un titre de s\u00e9jour sous certaines conditions<\/a><\/strong><a href=\"https:\/\/www.univ-lorraine.fr\/welcome\/titre-de-sejour\/?preview=true\">.<\/a><\/p>\n\n<\/div>\n<\/div>\n<\/div>\n\n<div class=\"gb-container gb-container-e3ac81bd\">\n\n<h3 class=\"gb-headline gb-headline-8b2e5b30 gb-headline-text\"><strong>Consultez&nbsp;:<\/strong><\/h3>\n\n\n\n<ul class=\"wp-block-list\">\n<li><a href=\"https:\/\/www.campusfrance.org\/fr\/comment-valider-votre-visa-long-sejour-a-votre-arrivee-en-france\" target=\"_blank\" rel=\"noreferrer noopener\"><mark style=\"background-color:rgba(0, 0, 0, 0)\" class=\"has-inline-color has-base-3-color\">Comment valider votre visa long s\u00e9jour \u00e0 votre arriv\u00e9e en France&nbsp;?<\/mark><\/a>&nbsp;: \u00e9tapes et documents \u00e0 fournir<\/li>\n\n\n\n<li>La <a href=\"https:\/\/administration-etrangers-en-france.interieur.gouv.fr\/particuliers\/#\/faq\/a-quoi-sert-la-validation-de-mon-visa-de-long-sejour-valant-titre-de-sejour\" target=\"_blank\" rel=\"noreferrer noopener\"><mark style=\"background-color:rgba(0, 0, 0, 0)\" class=\"has-inline-color has-base-3-color\">FAQ d\u2019un VLS-TS<\/mark><\/a><\/li>\n<\/ul>\n\n<\/div>\n\n<div class=\"gb-container gb-container-47c80308\">\n\n<h3 class=\"gb-headline gb-headline-aefccb17 gb-headline-text\"><strong>Si vous poursuivez des \u00e9tudes au-del\u00e0 de la fin de validit\u00e9 de votre VLS-TS<\/strong><\/h3>\n\n\n\n<p><strong>4 \u00e0 2 mois avant <\/strong>la fin de votre visa, <a href=\"https:\/\/www.univ-lorraine.fr\/welcome\/titre-de-sejour\/?preview=true\"><strong>vous devrez d\u00e9poser une demande de titre de s\u00e9jour<\/strong><\/a> (aussi appel\u00e9 \u00ab\u00a0Carte de s\u00e9jour\u00a0\u00bb ou \u00ab\u00a0Certificat de r\u00e9sidence\u00a0\u00bb pour les alg\u00e9riens).<\/p>\n\n<\/div>\n\n<div class=\"gb-container gb-container-f33d5fbd related-content\">\n\n<h2 class=\"gb-headline gb-headline-57d2803e gb-headline-text\">Ces contenus pourraient aussi vous int\u00e9resser<\/h2>\n\n\n<a href='?type=post&#038;filter_profil=&#038;filter_temporalite=&#038;filter_thematique=&#038;search='><button>Effacer mes choix<\/button><\/a>\r\n<ul class=\"liste-resume\">\r\n<li class=\"resume Non\">\r\n\t<h2><a href=\"\/welcome\/le-visa\/\">Le visa<\/a><\/h2>\r\n\t<div class=\"contenu\">\r\n\t\t<div class=\"image\">\r\n\t\t\t<img decoding=\"async\" width=\"126\" height=\"300\" src=\"https:\/\/www.univ-lorraine.fr\/welcome\/wp-content\/uploads\/sites\/41\/2023\/04\/4f9e3092-a726-4269-a0c1-59007b5e4779-126x300.png\" class=\"attachment-medium size-medium\" alt=\"\" srcset=\"https:\/\/www.univ-lorraine.fr\/welcome\/wp-content\/uploads\/sites\/41\/2023\/04\/4f9e3092-a726-4269-a0c1-59007b5e4779-126x300.png 126w, https:\/\/www.univ-lorraine.fr\/welcome\/wp-content\/uploads\/sites\/41\/2023\/04\/4f9e3092-a726-4269-a0c1-59007b5e4779-430x1024.png 430w, https:\/\/www.univ-lorraine.fr\/welcome\/wp-content\/uploads\/sites\/41\/2023\/04\/4f9e3092-a726-4269-a0c1-59007b5e4779.png 537w\" sizes=\"(max-width: 126px) 100vw, 126px\" \/>\r\n\t\t<\/div>\r\n\t\t<div class=\"texte\">\r\n\t\t\t<p>&#8211; Un visa : donne le droit d\u2019entrer en France. Il est d\u00e9livr\u00e9 par le Consulat de France de votre pays de r\u00e9sidence habituel.<br \/>\n&#8211; Un titre de s\u00e9jour : donne le droit de s\u00e9journer en France. Il est d\u00e9livr\u00e9 par la Pr\u00e9fecture de votre lieu de r\u00e9sidence en France.<\/p>\n\r\n\t\t\t<a href=\"\/welcome\/le-visa\/\" class=\"lireplus\" title=\"Le visa\">Lire plus<\/a>\r\n\t\t<\/div>\r\n\t<\/div>\r\n<\/li>\r\n<\/ul>\n<\/div>","protected":false},"excerpt":{"rendered":"<p>Vous \u00eates arriv\u00e9 en France avec un VLS-TS, dans les 3 mois qui suivent votre arriv\u00e9e, vous devez obligatoirement valider votre visa pour lui donner pleine valeur de titre de s\u00e9jour.<\/p>\n","protected":false},"author":261,"featured_media":2217,"comment_status":"closed","ping_status":"closed","sticky":false,"template":"","format":"standard","meta":{"inline_featured_image":false,"footnotes":""},"categories":[1],"tags":[],"temporalite":[56],"profil":[47],"thematique":[75],"class_list":["post-880","post","type-post","status-publish","format-standard","has-post-thumbnail","hentry","category-informations-pratiques","temporalite-pendant","profil-etudiant","thematique-visa-et-titre-de-sejour","masonry-post","generate-columns","tablet-grid-50","mobile-grid-100","grid-parent","grid-50"],"yoast_head":"<!-- This site is optimized with the Yoast SEO plugin v27.4 - https:\/\/yoast.com\/product\/yoast-seo-wordpress\/ -->\n<title>Valider un Visa Long S\u00e9jour valant Titre de S\u00e9jour (VLS-TS) - Welcome<\/title>\n<meta name=\"robots\" content=\"index, follow, max-snippet:-1, max-image-preview:large, max-video-preview:-1\" \/>\n<link rel=\"canonical\" href=\"https:\/\/www.univ-lorraine.fr\/welcome\/valider-un-visa-long-sejour-valant-titre-de-sejour-vls-ts\/\" \/>\n<meta property=\"og:locale\" content=\"fr_FR\" \/>\n<meta property=\"og:type\" content=\"article\" \/>\n<meta property=\"og:title\" content=\"Valider un Visa Long S\u00e9jour valant Titre de S\u00e9jour (VLS-TS) - Welcome\" \/>\n<meta property=\"og:description\" content=\"Vous \u00eates arriv\u00e9 en France avec un VLS-TS, dans les 3 mois qui suivent votre arriv\u00e9e, vous devez obligatoirement valider votre visa pour lui donner pleine valeur de titre de s\u00e9jour.\" \/>\n<meta property=\"og:url\" content=\"https:\/\/www.univ-lorraine.fr\/welcome\/valider-un-visa-long-sejour-valant-titre-de-sejour-vls-ts\/\" \/>\n<meta property=\"og:site_name\" content=\"Welcome\" \/>\n<meta property=\"article:published_time\" content=\"2023-02-23T09:08:59+00:00\" \/>\n<meta property=\"article:modified_time\" content=\"2023-10-26T14:12:07+00:00\" \/>\n<meta property=\"og:image\" content=\"https:\/\/www.univ-lorraine.fr\/welcome\/wp-content\/uploads\/sites\/41\/2023\/02\/4637181.jpg\" \/>\n\t<meta property=\"og:image:width\" content=\"1280\" \/>\n\t<meta property=\"og:image:height\" content=\"1280\" \/>\n\t<meta property=\"og:image:type\" content=\"image\/jpeg\" \/>\n<meta name=\"author\" content=\"Christine Hocquigny\" \/>\n<meta name=\"twitter:card\" content=\"summary_large_image\" \/>\n<meta name=\"twitter:label1\" content=\"\u00c9crit par\" \/>\n\t<meta name=\"twitter:data1\" content=\"Christine Hocquigny\" \/>\n\t<meta name=\"twitter:label2\" content=\"Dur\u00e9e de lecture estim\u00e9e\" \/>\n\t<meta name=\"twitter:data2\" content=\"2 minutes\" \/>\n<script type=\"application\/ld+json\" class=\"yoast-schema-graph\">{\"@context\":\"https:\\\/\\\/schema.org\",\"@graph\":[{\"@type\":\"Article\",\"@id\":\"https:\\\/\\\/www.univ-lorraine.fr\\\/welcome\\\/valider-un-visa-long-sejour-valant-titre-de-sejour-vls-ts\\\/#article\",\"isPartOf\":{\"@id\":\"https:\\\/\\\/www.univ-lorraine.fr\\\/welcome\\\/valider-un-visa-long-sejour-valant-titre-de-sejour-vls-ts\\\/\"},\"author\":{\"name\":\"Christine Hocquigny\",\"@id\":\"https:\\\/\\\/www.univ-lorraine.fr\\\/welcome\\\/#\\\/schema\\\/person\\\/8a53f048df62e3e9abbc2a59ea31c39b\"},\"headline\":\"Valider un Visa Long S\u00e9jour valant Titre de S\u00e9jour (VLS-TS)\",\"datePublished\":\"2023-02-23T09:08:59+00:00\",\"dateModified\":\"2023-10-26T14:12:07+00:00\",\"mainEntityOfPage\":{\"@id\":\"https:\\\/\\\/www.univ-lorraine.fr\\\/welcome\\\/valider-un-visa-long-sejour-valant-titre-de-sejour-vls-ts\\\/\"},\"wordCount\":333,\"publisher\":{\"@id\":\"https:\\\/\\\/www.univ-lorraine.fr\\\/welcome\\\/#organization\"},\"image\":{\"@id\":\"https:\\\/\\\/www.univ-lorraine.fr\\\/welcome\\\/valider-un-visa-long-sejour-valant-titre-de-sejour-vls-ts\\\/#primaryimage\"},\"thumbnailUrl\":\"https:\\\/\\\/www.univ-lorraine.fr\\\/welcome\\\/wp-content\\\/uploads\\\/sites\\\/41\\\/2023\\\/02\\\/4637181.jpg\",\"articleSection\":[\"Tous les articles\"],\"inLanguage\":\"fr-FR\"},{\"@type\":\"WebPage\",\"@id\":\"https:\\\/\\\/www.univ-lorraine.fr\\\/welcome\\\/valider-un-visa-long-sejour-valant-titre-de-sejour-vls-ts\\\/\",\"url\":\"https:\\\/\\\/www.univ-lorraine.fr\\\/welcome\\\/valider-un-visa-long-sejour-valant-titre-de-sejour-vls-ts\\\/\",\"name\":\"Valider un Visa Long S\u00e9jour valant Titre de S\u00e9jour (VLS-TS) - Welcome\",\"isPartOf\":{\"@id\":\"https:\\\/\\\/www.univ-lorraine.fr\\\/welcome\\\/#website\"},\"primaryImageOfPage\":{\"@id\":\"https:\\\/\\\/www.univ-lorraine.fr\\\/welcome\\\/valider-un-visa-long-sejour-valant-titre-de-sejour-vls-ts\\\/#primaryimage\"},\"image\":{\"@id\":\"https:\\\/\\\/www.univ-lorraine.fr\\\/welcome\\\/valider-un-visa-long-sejour-valant-titre-de-sejour-vls-ts\\\/#primaryimage\"},\"thumbnailUrl\":\"https:\\\/\\\/www.univ-lorraine.fr\\\/welcome\\\/wp-content\\\/uploads\\\/sites\\\/41\\\/2023\\\/02\\\/4637181.jpg\",\"datePublished\":\"2023-02-23T09:08:59+00:00\",\"dateModified\":\"2023-10-26T14:12:07+00:00\",\"breadcrumb\":{\"@id\":\"https:\\\/\\\/www.univ-lorraine.fr\\\/welcome\\\/valider-un-visa-long-sejour-valant-titre-de-sejour-vls-ts\\\/#breadcrumb\"},\"inLanguage\":\"fr-FR\",\"potentialAction\":[{\"@type\":\"ReadAction\",\"target\":[\"https:\\\/\\\/www.univ-lorraine.fr\\\/welcome\\\/valider-un-visa-long-sejour-valant-titre-de-sejour-vls-ts\\\/\"]}]},{\"@type\":\"ImageObject\",\"inLanguage\":\"fr-FR\",\"@id\":\"https:\\\/\\\/www.univ-lorraine.fr\\\/welcome\\\/valider-un-visa-long-sejour-valant-titre-de-sejour-vls-ts\\\/#primaryimage\",\"url\":\"https:\\\/\\\/www.univ-lorraine.fr\\\/welcome\\\/wp-content\\\/uploads\\\/sites\\\/41\\\/2023\\\/02\\\/4637181.jpg\",\"contentUrl\":\"https:\\\/\\\/www.univ-lorraine.fr\\\/welcome\\\/wp-content\\\/uploads\\\/sites\\\/41\\\/2023\\\/02\\\/4637181.jpg\",\"width\":1280,\"height\":1280,\"caption\":\"Femme r\u00e9alisant une d\u00e9marche administrative sur ordinateur\"},{\"@type\":\"BreadcrumbList\",\"@id\":\"https:\\\/\\\/www.univ-lorraine.fr\\\/welcome\\\/valider-un-visa-long-sejour-valant-titre-de-sejour-vls-ts\\\/#breadcrumb\",\"itemListElement\":[{\"@type\":\"ListItem\",\"position\":1,\"name\":\"Accueil\",\"item\":\"https:\\\/\\\/www.univ-lorraine.fr\\\/welcome\\\/\"},{\"@type\":\"ListItem\",\"position\":2,\"name\":\"Valider un Visa Long S\u00e9jour valant Titre de S\u00e9jour (VLS-TS)\"}]},{\"@type\":\"WebSite\",\"@id\":\"https:\\\/\\\/www.univ-lorraine.fr\\\/welcome\\\/#website\",\"url\":\"https:\\\/\\\/www.univ-lorraine.fr\\\/welcome\\\/\",\"name\":\"Welcome\",\"description\":\"Faire dialoguer les savoirs, c\u2019est innover\",\"publisher\":{\"@id\":\"https:\\\/\\\/www.univ-lorraine.fr\\\/welcome\\\/#organization\"},\"potentialAction\":[{\"@type\":\"SearchAction\",\"target\":{\"@type\":\"EntryPoint\",\"urlTemplate\":\"https:\\\/\\\/www.univ-lorraine.fr\\\/welcome\\\/?s={search_term_string}\"},\"query-input\":{\"@type\":\"PropertyValueSpecification\",\"valueRequired\":true,\"valueName\":\"search_term_string\"}}],\"inLanguage\":\"fr-FR\"},{\"@type\":\"Organization\",\"@id\":\"https:\\\/\\\/www.univ-lorraine.fr\\\/welcome\\\/#organization\",\"name\":\"Universit\u00e9 de Lorraine\",\"url\":\"https:\\\/\\\/www.univ-lorraine.fr\\\/welcome\\\/\",\"logo\":{\"@type\":\"ImageObject\",\"inLanguage\":\"fr-FR\",\"@id\":\"https:\\\/\\\/www.univ-lorraine.fr\\\/welcome\\\/#\\\/schema\\\/logo\\\/image\\\/\",\"url\":\"https:\\\/\\\/www.univ-lorraine.fr\\\/welcome\\\/wp-content\\\/uploads\\\/sites\\\/41\\\/2021\\\/01\\\/LOGO_UL.png\",\"contentUrl\":\"https:\\\/\\\/www.univ-lorraine.fr\\\/welcome\\\/wp-content\\\/uploads\\\/sites\\\/41\\\/2021\\\/01\\\/LOGO_UL.png\",\"width\":138,\"height\":48,\"caption\":\"Universit\u00e9 de Lorraine\"},\"image\":{\"@id\":\"https:\\\/\\\/www.univ-lorraine.fr\\\/welcome\\\/#\\\/schema\\\/logo\\\/image\\\/\"}},{\"@type\":\"Person\",\"@id\":\"https:\\\/\\\/www.univ-lorraine.fr\\\/welcome\\\/#\\\/schema\\\/person\\\/8a53f048df62e3e9abbc2a59ea31c39b\",\"name\":\"Christine Hocquigny\",\"image\":{\"@type\":\"ImageObject\",\"inLanguage\":\"fr-FR\",\"@id\":\"https:\\\/\\\/secure.gravatar.com\\\/avatar\\\/d90aac30de180497d1c2090796924954f6d3fabbdb2c46e933376036eb4d88a0?s=96&d=mm&r=g\",\"url\":\"https:\\\/\\\/secure.gravatar.com\\\/avatar\\\/d90aac30de180497d1c2090796924954f6d3fabbdb2c46e933376036eb4d88a0?s=96&d=mm&r=g\",\"contentUrl\":\"https:\\\/\\\/secure.gravatar.com\\\/avatar\\\/d90aac30de180497d1c2090796924954f6d3fabbdb2c46e933376036eb4d88a0?s=96&d=mm&r=g\",\"caption\":\"Christine Hocquigny\"}}]}<\/script>\n<!-- \/ Yoast SEO plugin. -->","yoast_head_json":{"title":"Valider un Visa Long S\u00e9jour valant Titre de S\u00e9jour (VLS-TS) - Welcome","robots":{"index":"index","follow":"follow","max-snippet":"max-snippet:-1","max-image-preview":"max-image-preview:large","max-video-preview":"max-video-preview:-1"},"canonical":"https:\/\/www.univ-lorraine.fr\/welcome\/valider-un-visa-long-sejour-valant-titre-de-sejour-vls-ts\/","og_locale":"fr_FR","og_type":"article","og_title":"Valider un Visa Long S\u00e9jour valant Titre de S\u00e9jour (VLS-TS) - Welcome","og_description":"Vous \u00eates arriv\u00e9 en France avec un VLS-TS, dans les 3 mois qui suivent votre arriv\u00e9e, vous devez obligatoirement valider votre visa pour lui donner pleine valeur de titre de s\u00e9jour.","og_url":"https:\/\/www.univ-lorraine.fr\/welcome\/valider-un-visa-long-sejour-valant-titre-de-sejour-vls-ts\/","og_site_name":"Welcome","article_published_time":"2023-02-23T09:08:59+00:00","article_modified_time":"2023-10-26T14:12:07+00:00","og_image":[{"width":1280,"height":1280,"url":"https:\/\/www.univ-lorraine.fr\/welcome\/wp-content\/uploads\/sites\/41\/2023\/02\/4637181.jpg","type":"image\/jpeg"}],"author":"Christine Hocquigny","twitter_card":"summary_large_image","twitter_misc":{"\u00c9crit par":"Christine Hocquigny","Dur\u00e9e de lecture estim\u00e9e":"2 minutes"},"schema":{"@context":"https:\/\/schema.org","@graph":[{"@type":"Article","@id":"https:\/\/www.univ-lorraine.fr\/welcome\/valider-un-visa-long-sejour-valant-titre-de-sejour-vls-ts\/#article","isPartOf":{"@id":"https:\/\/www.univ-lorraine.fr\/welcome\/valider-un-visa-long-sejour-valant-titre-de-sejour-vls-ts\/"},"author":{"name":"Christine Hocquigny","@id":"https:\/\/www.univ-lorraine.fr\/welcome\/#\/schema\/person\/8a53f048df62e3e9abbc2a59ea31c39b"},"headline":"Valider un Visa Long S\u00e9jour valant Titre de S\u00e9jour (VLS-TS)","datePublished":"2023-02-23T09:08:59+00:00","dateModified":"2023-10-26T14:12:07+00:00","mainEntityOfPage":{"@id":"https:\/\/www.univ-lorraine.fr\/welcome\/valider-un-visa-long-sejour-valant-titre-de-sejour-vls-ts\/"},"wordCount":333,"publisher":{"@id":"https:\/\/www.univ-lorraine.fr\/welcome\/#organization"},"image":{"@id":"https:\/\/www.univ-lorraine.fr\/welcome\/valider-un-visa-long-sejour-valant-titre-de-sejour-vls-ts\/#primaryimage"},"thumbnailUrl":"https:\/\/www.univ-lorraine.fr\/welcome\/wp-content\/uploads\/sites\/41\/2023\/02\/4637181.jpg","articleSection":["Tous les articles"],"inLanguage":"fr-FR"},{"@type":"WebPage","@id":"https:\/\/www.univ-lorraine.fr\/welcome\/valider-un-visa-long-sejour-valant-titre-de-sejour-vls-ts\/","url":"https:\/\/www.univ-lorraine.fr\/welcome\/valider-un-visa-long-sejour-valant-titre-de-sejour-vls-ts\/","name":"Valider un Visa Long S\u00e9jour valant Titre de S\u00e9jour (VLS-TS) - Welcome","isPartOf":{"@id":"https:\/\/www.univ-lorraine.fr\/welcome\/#website"},"primaryImageOfPage":{"@id":"https:\/\/www.univ-lorraine.fr\/welcome\/valider-un-visa-long-sejour-valant-titre-de-sejour-vls-ts\/#primaryimage"},"image":{"@id":"https:\/\/www.univ-lorraine.fr\/welcome\/valider-un-visa-long-sejour-valant-titre-de-sejour-vls-ts\/#primaryimage"},"thumbnailUrl":"https:\/\/www.univ-lorraine.fr\/welcome\/wp-content\/uploads\/sites\/41\/2023\/02\/4637181.jpg","datePublished":"2023-02-23T09:08:59+00:00","dateModified":"2023-10-26T14:12:07+00:00","breadcrumb":{"@id":"https:\/\/www.univ-lorraine.fr\/welcome\/valider-un-visa-long-sejour-valant-titre-de-sejour-vls-ts\/#breadcrumb"},"inLanguage":"fr-FR","potentialAction":[{"@type":"ReadAction","target":["https:\/\/www.univ-lorraine.fr\/welcome\/valider-un-visa-long-sejour-valant-titre-de-sejour-vls-ts\/"]}]},{"@type":"ImageObject","inLanguage":"fr-FR","@id":"https:\/\/www.univ-lorraine.fr\/welcome\/valider-un-visa-long-sejour-valant-titre-de-sejour-vls-ts\/#primaryimage","url":"https:\/\/www.univ-lorraine.fr\/welcome\/wp-content\/uploads\/sites\/41\/2023\/02\/4637181.jpg","contentUrl":"https:\/\/www.univ-lorraine.fr\/welcome\/wp-content\/uploads\/sites\/41\/2023\/02\/4637181.jpg","width":1280,"height":1280,"caption":"Femme r\u00e9alisant une d\u00e9marche administrative sur ordinateur"},{"@type":"BreadcrumbList","@id":"https:\/\/www.univ-lorraine.fr\/welcome\/valider-un-visa-long-sejour-valant-titre-de-sejour-vls-ts\/#breadcrumb","itemListElement":[{"@type":"ListItem","position":1,"name":"Accueil","item":"https:\/\/www.univ-lorraine.fr\/welcome\/"},{"@type":"ListItem","position":2,"name":"Valider un Visa Long S\u00e9jour valant Titre de S\u00e9jour (VLS-TS)"}]},{"@type":"WebSite","@id":"https:\/\/www.univ-lorraine.fr\/welcome\/#website","url":"https:\/\/www.univ-lorraine.fr\/welcome\/","name":"Welcome","description":"Faire dialoguer les savoirs, c\u2019est innover","publisher":{"@id":"https:\/\/www.univ-lorraine.fr\/welcome\/#organization"},"potentialAction":[{"@type":"SearchAction","target":{"@type":"EntryPoint","urlTemplate":"https:\/\/www.univ-lorraine.fr\/welcome\/?s={search_term_string}"},"query-input":{"@type":"PropertyValueSpecification","valueRequired":true,"valueName":"search_term_string"}}],"inLanguage":"fr-FR"},{"@type":"Organization","@id":"https:\/\/www.univ-lorraine.fr\/welcome\/#organization","name":"Universit\u00e9 de Lorraine","url":"https:\/\/www.univ-lorraine.fr\/welcome\/","logo":{"@type":"ImageObject","inLanguage":"fr-FR","@id":"https:\/\/www.univ-lorraine.fr\/welcome\/#\/schema\/logo\/image\/","url":"https:\/\/www.univ-lorraine.fr\/welcome\/wp-content\/uploads\/sites\/41\/2021\/01\/LOGO_UL.png","contentUrl":"https:\/\/www.univ-lorraine.fr\/welcome\/wp-content\/uploads\/sites\/41\/2021\/01\/LOGO_UL.png","width":138,"height":48,"caption":"Universit\u00e9 de Lorraine"},"image":{"@id":"https:\/\/www.univ-lorraine.fr\/welcome\/#\/schema\/logo\/image\/"}},{"@type":"Person","@id":"https:\/\/www.univ-lorraine.fr\/welcome\/#\/schema\/person\/8a53f048df62e3e9abbc2a59ea31c39b","name":"Christine Hocquigny","image":{"@type":"ImageObject","inLanguage":"fr-FR","@id":"https:\/\/secure.gravatar.com\/avatar\/d90aac30de180497d1c2090796924954f6d3fabbdb2c46e933376036eb4d88a0?s=96&d=mm&r=g","url":"https:\/\/secure.gravatar.com\/avatar\/d90aac30de180497d1c2090796924954f6d3fabbdb2c46e933376036eb4d88a0?s=96&d=mm&r=g","contentUrl":"https:\/\/secure.gravatar.com\/avatar\/d90aac30de180497d1c2090796924954f6d3fabbdb2c46e933376036eb4d88a0?s=96&d=mm&r=g","caption":"Christine Hocquigny"}}]}},"_links":{"self":[{"href":"https:\/\/www.univ-lorraine.fr\/welcome\/wp-json\/wp\/v2\/posts\/880","targetHints":{"allow":["GET"]}}],"collection":[{"href":"https:\/\/www.univ-lorraine.fr\/welcome\/wp-json\/wp\/v2\/posts"}],"about":[{"href":"https:\/\/www.univ-lorraine.fr\/welcome\/wp-json\/wp\/v2\/types\/post"}],"author":[{"embeddable":true,"href":"https:\/\/www.univ-lorraine.fr\/welcome\/wp-json\/wp\/v2\/users\/261"}],"replies":[{"embeddable":true,"href":"https:\/\/www.univ-lorraine.fr\/welcome\/wp-json\/wp\/v2\/comments?post=880"}],"version-history":[{"count":25,"href":"https:\/\/www.univ-lorraine.fr\/welcome\/wp-json\/wp\/v2\/posts\/880\/revisions"}],"predecessor-version":[{"id":6029,"href":"https:\/\/www.univ-lorraine.fr\/welcome\/wp-json\/wp\/v2\/posts\/880\/revisions\/6029"}],"wp:featuredmedia":[{"embeddable":true,"href":"https:\/\/www.univ-lorraine.fr\/welcome\/wp-json\/wp\/v2\/media\/2217"}],"wp:attachment":[{"href":"https:\/\/www.univ-lorraine.fr\/welcome\/wp-json\/wp\/v2\/media?parent=880"}],"wp:term":[{"taxonomy":"category","embeddable":true,"href":"https:\/\/www.univ-lorraine.fr\/welcome\/wp-json\/wp\/v2\/categories?post=880"},{"taxonomy":"post_tag","embeddable":true,"href":"https:\/\/www.univ-lorraine.fr\/welcome\/wp-json\/wp\/v2\/tags?post=880"},{"taxonomy":"temporalite","embeddable":true,"href":"https:\/\/www.univ-lorraine.fr\/welcome\/wp-json\/wp\/v2\/temporalite?post=880"},{"taxonomy":"profil","embeddable":true,"href":"https:\/\/www.univ-lorraine.fr\/welcome\/wp-json\/wp\/v2\/profil?post=880"},{"taxonomy":"thematique","embeddable":true,"href":"https:\/\/www.univ-lorraine.fr\/welcome\/wp-json\/wp\/v2\/thematique?post=880"}],"curies":[{"name":"wp","href":"https:\/\/api.w.org\/{rel}","templated":true}]}}