{"id":998,"date":"2023-03-08T16:19:23","date_gmt":"2023-03-08T15:19:23","guid":{"rendered":"https:\/\/www.univ-lorraine.fr\/welcome\/?p=998"},"modified":"2025-04-16T14:27:05","modified_gmt":"2025-04-16T12:27:05","slug":"numeros-de-telephone-et-services-durgence","status":"publish","type":"post","link":"https:\/\/www.univ-lorraine.fr\/welcome\/numeros-de-telephone-et-services-durgence\/","title":{"rendered":"Num\u00e9ros de t\u00e9l\u00e9phone et services d&rsquo;urgence"},"content":{"rendered":"<div class=\"gb-grid-wrapper gb-grid-wrapper-1bc734a1\">\n<div class=\"gb-grid-column gb-grid-column-34224969\"><div class=\"gb-container gb-container-34224969\">\n\n<h3 class=\"wp-block-heading\">Qui appeler en cas d&rsquo;urgence ?<\/h3>\n\n\n\n<p>Certains num\u00e9ros sont li\u00e9s \u00e0 des <strong>situations d&rsquo;urgence<\/strong> et d&rsquo;autres sont destin\u00e9s \u00e0 l&rsquo;<strong>\u00e9coute et <\/strong>au <strong>conseil.<\/strong><\/p>\n\n\n\n<p>Tous ces <strong>num\u00e9ros <\/strong>sont <strong>gratuits<\/strong>.<\/p>\n\n\n\n<ul class=\"wp-block-list\">\n<li><strong>SAMU <\/strong>(urgence m\u00e9dicale) : <strong>15<\/strong><\/li>\n\n\n\n<li><strong>Police Secours<\/strong> (signaler une infraction) : <strong>17<\/strong> <\/li>\n\n\n\n<li><strong>Pompiers <\/strong>(situation de<strong> <\/strong>p\u00e9ril ou accident) : <strong>18<\/strong><\/li>\n\n\n\n<li><strong>Urgence 114 <\/strong>: \n<ul class=\"wp-block-list\">\n<li>service <strong>r\u00e9serv\u00e9<\/strong> aux <strong>personnes sourdes<\/strong>, <strong>sourdaveugles<\/strong>, <strong>malentendantes<\/strong> et <strong>aphasiques<\/strong><\/li>\n\n\n\n<li>pour <strong>toutes<\/strong> les <strong>urgences<\/strong> <\/li>\n\n\n\n<li><strong>24h\/24<\/strong> et <strong>7j\/7<\/strong><\/li>\n\n\n\n<li>Vous \u00eates <strong>t\u00e9moin ou victime d\u2019une situation d\u2019urgence<\/strong> ? : contactez imm\u00e9diatement URGENCE 114. Des agents, sourds ou entendants, g\u00e8rent votre situation<strong> en lien direct avec le service d\u2019urgence<\/strong> (SAMU, pompiers, police, gendarmerie) <strong>le plus proche<\/strong>.<\/li>\n\n\n\n<li>Accessible <strong>en visio<\/strong>, <strong>tchat<\/strong>, <strong>images <\/strong>par <strong>SMS<\/strong> au <strong>114,<\/strong> sur l&rsquo;application <strong>Urgence 114<\/strong> ou sur le site internet <strong><a href=\"https:\/\/www.info.urgence114.fr\/\">urgence 114.fr<\/a><\/strong> <\/li>\n<\/ul>\n<\/li>\n\n\n\n<li><strong>Europe <\/strong>(urgence m\u00e9dicale &#8211; infraction &#8211; p\u00e9ril) : <strong>112 <\/strong> <\/li>\n<\/ul>\n\n<\/div><\/div>\n\n<div class=\"gb-grid-column gb-grid-column-d275e1e6\"><div class=\"gb-container gb-container-d275e1e6\">\n<div class=\"gb-container gb-container-11ab9120 logo-welcome\">\n<div class=\"gb-grid-wrapper gb-grid-wrapper-3e644299\">\n<div class=\"gb-grid-column gb-grid-column-ecf82584\"><div class=\"gb-container gb-container-ecf82584\">\n\n<figure class=\"wp-block-image size-full\"><img decoding=\"async\" width=\"70\" height=\"66\" src=\"https:\/\/www.univ-lorraine.fr\/welcome\/wp-content\/uploads\/sites\/41\/2023\/02\/isotype_ul.png\" alt=\"\" class=\"wp-image-1278\"\/><\/figure>\n\n<\/div><\/div>\n\n<div class=\"gb-grid-column gb-grid-column-3b030eb1\"><div class=\"gb-container gb-container-3b030eb1 incline\">\n\n<p class=\"gb-headline gb-headline-ed03fd0f gb-headline-text\"><strong>T\u00e9l\u00e9phones <\/strong><\/p>\n\n<\/div><\/div>\n\n<div class=\"gb-grid-column gb-grid-column-8568a6a8\"><div class=\"gb-container gb-container-8568a6a8\">\n\n<p class=\"gb-headline gb-headline-4b86ef7f gb-headline-text\"><strong>&amp; services d&rsquo;urgence<\/strong><\/p>\n\n<\/div><\/div>\n<\/div>\n<\/div>\n<\/div><\/div>\n<\/div>\n\n<div class=\"gb-grid-wrapper gb-grid-wrapper-744e9a7b\">\n<div class=\"gb-grid-column gb-grid-column-72204dc6\"><div class=\"gb-container gb-container-72204dc6\">\n\n<h2 class=\"gb-headline gb-headline-81aa516a gb-headline-text\">En cas de perte ou de vol<\/h2>\n\n\n\n<ul class=\"wp-block-list\">\n<li><strong>Ch\u00e9quier<\/strong> : 08.36.68.32.08<\/li>\n\n\n\n<li><strong>Carte bleue visa<\/strong> : 08.36.69.08.80<\/li>\n\n\n\n<li><strong>Carte Eurocard MasterCard<\/strong> : 08.36.69.08.80<\/li>\n\n\n\n<li><strong>Carte American Express<\/strong> : 01.47.77.72.00<\/li>\n<\/ul>\n\n<\/div><\/div>\n\n<div class=\"gb-grid-column gb-grid-column-18eb9797\"><div class=\"gb-container gb-container-18eb9797\">\n\n<h2 class=\"gb-headline gb-headline-1c3dc803 gb-headline-text\">Autres contacts utiles<\/h2>\n\n\n\n<ul class=\"wp-block-list has-base-3-color has-text-color\">\n<li><strong>Assistance aux sans domicile fixe<\/strong> : 115<\/li>\n\n\n\n<li><strong>Alerte attentat \/ Alerte enl\u00e8vement <\/strong>: 197<\/li>\n\n\n\n<li><strong>Victime ou t\u00e9moin de discrimination<\/strong> : 3928<\/li>\n\n\n\n<li><strong>Sida info service<\/strong> : 0800.840.800<\/li>\n<\/ul>\n\n\n\n<ul class=\"wp-block-list has-base-3-color has-text-color\">\n<li><strong>H\u00e9patites Info Service<\/strong> : 0800.845.800<\/li>\n\n\n\n<li><strong>Drogues info service<\/strong> : 0800.23.13.13<\/li>\n\n\n\n<li><strong>Alcoolique anonyme<\/strong> : 03.83.30.33.33<\/li>\n<\/ul>\n\n<\/div><\/div>\n<\/div>\n\n\n<hr class=\"wp-block-separator has-text-color has-welcome-5-color has-alpha-channel-opacity has-welcome-5-background-color has-background is-style-wide\"\/>\n\n\n\n<h2 class=\"wp-block-heading\">Num\u00e9ros d&rsquo;\u00e9coute pour les jeunes<\/h2>\n\n\n\n<h3 class=\"wp-block-heading\">Poser des questions et demander conseil \u00e0 un professionnel de fa\u00e7on anonyme et gratuite<\/h3>\n\n\n<div class=\"gb-grid-wrapper gb-grid-wrapper-5eff6542\">\n<div class=\"gb-grid-column gb-grid-column-e7734dc2\"><div class=\"gb-container gb-container-e7734dc2\">\n\n<ul class=\"wp-block-list\">\n<li><strong>Le num\u00e9ro national \u00ab&nbsp;Souffrance et pr\u00e9vention suicide&nbsp;\u00bb <\/strong>: <strong>Le 3114<\/strong>\n<ul class=\"wp-block-list\">\n<li>accessible gratuitement <\/li>\n\n\n\n<li>24h sur 24 et 7&nbsp;jours&nbsp;sur&nbsp;7 sur l\u2019ensemble du territoire<\/li>\n\n\n\n<li>permet aux personnes en d\u00e9tresse psychologique d&rsquo;\u00e9changer et de trouver une r\u00e9ponse adapt\u00e9e aupr\u00e8s de 150&nbsp;professionnels hospitaliers de la psychiatrie et de la sant\u00e9 mentale (psychiatres, infirmiers sp\u00e9cialis\u00e9s et psychologues)<\/li>\n\n\n\n<li>Ce num\u00e9ro concerne \u00e9galement l&rsquo;entourage des personnes \u00e0 risque suicidaire, les personnes endeuill\u00e9es.<\/li>\n<\/ul>\n<\/li>\n\n\n\n<li><strong>Fil Sant\u00e9 Jeunes : 0 800 235 236&nbsp;: <\/strong>\n<ul class=\"wp-block-list\">\n<li>service d\u2019\u00e9coute anonyme <\/li>\n\n\n\n<li>gratuit <\/li>\n\n\n\n<li>ouvert tous les jours de 9h \u00e0 23h et <a href=\"https:\/\/www.filsantejeunes.com\/tchat-individuel\" target=\"_blank\" rel=\"noreferrer noopener\"><strong>chat individuel<\/strong><\/a> de 9h \u00e0 22h pour les 12-25&nbsp;ans <\/li>\n\n\n\n<li>sur les th\u00e8mes de la <strong>sant\u00e9<\/strong>, de la <strong>sexualit\u00e9<\/strong>, de l\u2019<strong>amour<\/strong>, du <strong>mal \u00eatre<\/strong>&#8230; Ce num\u00e9ro peut te donner des conseils, des adresses de professionnels de l\u2019\u00e9coute, t\u2019aider \u00e0 porter plainte&#8230;<\/li>\n<\/ul>\n<\/li>\n\n\n\n<li><strong><a href=\"https:\/\/www.nightline.fr\/\" target=\"_blank\" rel=\"noreferrer noopener\">Nightline<\/a><\/strong> : ligne d\u2019\u00e9coute<strong> par <\/strong>et <strong>pour<\/strong> les \u00e9tudiants, proposant notamment un <a href=\"https:\/\/www.nightline.fr\/kit-de-vie\" target=\"_blank\" rel=\"noreferrer noopener\"><strong>kit de vie en ligne<\/strong><\/a>.<\/li>\n\n\n\n<li><a href=\"https:\/\/www.psycom.org\/sorienter\/les-lignes-decoute\/\" target=\"_blank\" rel=\"noreferrer noopener\"><strong>Psycom<\/strong> <\/a>propose un guide de toutes les lignes d&rsquo;\u00e9coute et de soutien psychologique <strong>par t\u00e9l\u00e9phone, tchat, internet.<\/strong><\/li>\n\n\n\n<li><a href=\"https:\/\/www.cartosantejeunes.org\/?CartoSante\"><strong>Carto Sant\u00e9 Jeune<\/strong><\/a> : Pour trouver un lieu d\u2019\u00e9coute gratuit et anonyme pour les jeunes adultes qui ont besoin d&rsquo;\u00e9coute, de trouver des informations sur leur sant\u00e9 et leurs droits.<a href=\"https:\/\/www.cartosantejeunes.org\/?CartoSante\"><\/a><\/li>\n<\/ul>\n\n\n\n<p><strong>Et bien s\u00fbr<\/strong> :<\/p>\n\n\n\n<ul class=\"wp-block-list\">\n<li><a href=\"https:\/\/www.univ-lorraine.fr\/la-vie-a-luniversite-de-lorraine\/sante\/\" target=\"_blank\" rel=\"noreferrer noopener\"><strong>Service Sant\u00e9 \u00e9tudiante (SSE) <\/strong>de l&rsquo;<strong>Universit\u00e9 de Lorraine<\/strong><\/a> pour <strong>Prendre contact avec<\/strong> un professionnel de sant\u00e9 ou une assistante sociale \/ Savoir <strong>O\u00f9 trouver<\/strong> les services Sant\u00e9-Social de l&rsquo;universit\u00e9.<\/li>\n<\/ul>\n\n<\/div><\/div>\n\n<div class=\"gb-grid-column gb-grid-column-c17783ba\"><div class=\"gb-container gb-container-c17783ba\">\n\n<figure class=\"gb-block-image gb-block-image-da93dff1\"><img decoding=\"async\" width=\"327\" height=\"1024\" class=\"gb-image gb-image-da93dff1\" src=\"https:\/\/www.univ-lorraine.fr\/welcome\/wp-content\/uploads\/sites\/41\/2023\/04\/b99e8ea6-2614-41bd-b00c-b024ffcb6258-327x1024.png\" alt=\"\" title=\"b99e8ea6-2614-41bd-b00c-b024ffcb6258\" srcset=\"https:\/\/www.univ-lorraine.fr\/welcome\/wp-content\/uploads\/sites\/41\/2023\/04\/b99e8ea6-2614-41bd-b00c-b024ffcb6258-327x1024.png 327w, https:\/\/www.univ-lorraine.fr\/welcome\/wp-content\/uploads\/sites\/41\/2023\/04\/b99e8ea6-2614-41bd-b00c-b024ffcb6258-96x300.png 96w, https:\/\/www.univ-lorraine.fr\/welcome\/wp-content\/uploads\/sites\/41\/2023\/04\/b99e8ea6-2614-41bd-b00c-b024ffcb6258.png 409w\" sizes=\"(max-width: 327px) 100vw, 327px\" \/><\/figure>\n\n<\/div><\/div>\n<\/div>\n\n<div class=\"gb-container gb-container-f33d5fbd related-content\">\n\n<h2 class=\"gb-headline gb-headline-57d2803e gb-headline-text\">Ces contenus pourraient aussi vous int\u00e9resser<\/h2>\n\n\n<a href='?type=post&#038;filter_profil=&#038;filter_temporalite=&#038;filter_thematique=&#038;search='><button>Effacer mes choix<\/button><\/a>\r\n<ul class=\"liste-resume\">\r\n<li class=\"resume Non\">\r\n\t<h2><a href=\"\/welcome\/le-sse-service-de-sante-etudiante\/\">Le SSE : Service de sant\u00e9 \u00e9tudiante<\/a><\/h2>\r\n\t<div class=\"contenu\">\r\n\t\t<div class=\"image\">\r\n\t\t\t<img decoding=\"async\" width=\"300\" height=\"300\" src=\"https:\/\/www.univ-lorraine.fr\/welcome\/wp-content\/uploads\/sites\/41\/2023\/02\/banniere-medicale-stethoscope-300x300.jpg\" class=\"attachment-medium size-medium\" alt=\"\" srcset=\"https:\/\/www.univ-lorraine.fr\/welcome\/wp-content\/uploads\/sites\/41\/2023\/02\/banniere-medicale-stethoscope-300x300.jpg 300w, https:\/\/www.univ-lorraine.fr\/welcome\/wp-content\/uploads\/sites\/41\/2023\/02\/banniere-medicale-stethoscope-1024x1024.jpg 1024w, https:\/\/www.univ-lorraine.fr\/welcome\/wp-content\/uploads\/sites\/41\/2023\/02\/banniere-medicale-stethoscope-150x150.jpg 150w, https:\/\/www.univ-lorraine.fr\/welcome\/wp-content\/uploads\/sites\/41\/2023\/02\/banniere-medicale-stethoscope-768x768.jpg 768w, https:\/\/www.univ-lorraine.fr\/welcome\/wp-content\/uploads\/sites\/41\/2023\/02\/banniere-medicale-stethoscope.jpg 1280w\" sizes=\"(max-width: 300px) 100vw, 300px\" \/>\r\n\t\t<\/div>\r\n\t\t<div class=\"texte\">\r\n\t\t\t<p>Dans chaque universit\u00e9, le SSE (Service de Sant\u00e9 Etudiante) propose un accompagnement m\u00e9dico-psycho-social \u00e0 tous les \u00e9tudiants de l\u2019enseignement sup\u00e9rieur (\u00e9tudiants et doctorants).<\/p>\n\r\n\t\t\t<a href=\"\/welcome\/le-sse-service-de-sante-etudiante\/\" class=\"lireplus\" title=\"Le SSE : Service de sant\u00e9 \u00e9tudiante\">Lire plus<\/a>\r\n\t\t<\/div>\r\n\t<\/div>\r\n<\/li>\r\n\r\n<li class=\"resume Non\">\r\n\t<h2><a href=\"\/welcome\/etudiant-en-situation-de-handicap\/\">\u00c9tudiant en situation de handicap<\/a><\/h2>\r\n\t<div class=\"contenu\">\r\n\t\t<div class=\"image\">\r\n\t\t\t<img decoding=\"async\" width=\"225\" height=\"300\" src=\"https:\/\/www.univ-lorraine.fr\/welcome\/wp-content\/uploads\/sites\/41\/2023\/02\/plein-air-heureux-amis-plein-air-225x300.jpg\" class=\"attachment-medium size-medium\" alt=\"\" srcset=\"https:\/\/www.univ-lorraine.fr\/welcome\/wp-content\/uploads\/sites\/41\/2023\/02\/plein-air-heureux-amis-plein-air-225x300.jpg 225w, https:\/\/www.univ-lorraine.fr\/welcome\/wp-content\/uploads\/sites\/41\/2023\/02\/plein-air-heureux-amis-plein-air-768x1024.jpg 768w, https:\/\/www.univ-lorraine.fr\/welcome\/wp-content\/uploads\/sites\/41\/2023\/02\/plein-air-heureux-amis-plein-air.jpg 960w\" sizes=\"(max-width: 225px) 100vw, 225px\" \/>\r\n\t\t<\/div>\r\n\t\t<div class=\"texte\">\r\n\t\t\t<p>L\u2019entr\u00e9e \u00e0 l\u2019universit\u00e9 est une \u00e9tape importante pour tout \u00e9tudiant. Elle l\u2019est davantage si vous avez des besoins sp\u00e9cifiques li\u00e9s \u00e0 une situation de handicap.<\/p>\n\r\n\t\t\t<a href=\"\/welcome\/etudiant-en-situation-de-handicap\/\" class=\"lireplus\" title=\"\u00c9tudiant en situation de handicap\">Lire plus<\/a>\r\n\t\t<\/div>\r\n\t<\/div>\r\n<\/li>\r\n<\/ul>\n<\/div>","protected":false},"excerpt":{"rendered":"<p>Voici la liste des num\u00e9ros et sites internet en cas d&rsquo;urgence, de perte ou de vol de vos moyens de paiement (carte bancaire, ch\u00e9quier) ou de besoin d&rsquo;\u00e9coute et de conseil concernant votre sant\u00e9 physique et mentale en France.<\/p>\n","protected":false},"author":261,"featured_media":1895,"comment_status":"closed","ping_status":"closed","sticky":false,"template":"","format":"standard","meta":{"inline_featured_image":false,"footnotes":""},"categories":[1],"tags":[],"temporalite":[56],"profil":[45,46,47],"thematique":[62,71],"class_list":["post-998","post","type-post","status-publish","format-standard","has-post-thumbnail","hentry","category-informations-pratiques","temporalite-pendant","profil-doctorant","profil-enseignant-chercheur","profil-etudiant","thematique-sante","thematique-vie-quotidienne","masonry-post","generate-columns","tablet-grid-50","mobile-grid-100","grid-parent","grid-50","resize-featured-image"],"yoast_head":"<!-- This site is optimized with the Yoast SEO plugin v27.4 - https:\/\/yoast.com\/product\/yoast-seo-wordpress\/ -->\n<title>Num\u00e9ros de t\u00e9l\u00e9phone et services d&#039;urgence - Welcome<\/title>\n<meta name=\"robots\" content=\"index, follow, max-snippet:-1, max-image-preview:large, max-video-preview:-1\" \/>\n<link rel=\"canonical\" href=\"https:\/\/www.univ-lorraine.fr\/welcome\/numeros-de-telephone-et-services-durgence\/\" \/>\n<meta property=\"og:locale\" content=\"fr_FR\" \/>\n<meta property=\"og:type\" content=\"article\" \/>\n<meta property=\"og:title\" content=\"Num\u00e9ros de t\u00e9l\u00e9phone et services d&#039;urgence - Welcome\" \/>\n<meta property=\"og:description\" content=\"Voici la liste des num\u00e9ros et sites internet en cas d&#039;urgence, de perte ou de vol de vos moyens de paiement (carte bancaire, ch\u00e9quier) ou de besoin d&#039;\u00e9coute et de conseil concernant votre sant\u00e9 physique et mentale en France.\" \/>\n<meta property=\"og:url\" content=\"https:\/\/www.univ-lorraine.fr\/welcome\/numeros-de-telephone-et-services-durgence\/\" \/>\n<meta property=\"og:site_name\" content=\"Welcome\" \/>\n<meta property=\"article:published_time\" content=\"2023-03-08T15:19:23+00:00\" \/>\n<meta property=\"article:modified_time\" content=\"2025-04-16T12:27:05+00:00\" \/>\n<meta property=\"og:image\" content=\"https:\/\/www.univ-lorraine.fr\/welcome\/wp-content\/uploads\/sites\/41\/2023\/03\/reflechi-jeune-bel-homme-parlant-au-telephone-regardant-cote-gardant-doigt-menton-fond-jaune-1-1.jpg\" \/>\n\t<meta property=\"og:image:width\" content=\"1920\" \/>\n\t<meta property=\"og:image:height\" content=\"1280\" \/>\n\t<meta property=\"og:image:type\" content=\"image\/jpeg\" \/>\n<meta name=\"author\" content=\"Christine Hocquigny\" \/>\n<meta name=\"twitter:card\" content=\"summary_large_image\" \/>\n<meta name=\"twitter:label1\" content=\"\u00c9crit par\" \/>\n\t<meta name=\"twitter:data1\" content=\"Christine Hocquigny\" \/>\n\t<meta name=\"twitter:label2\" content=\"Dur\u00e9e de lecture estim\u00e9e\" \/>\n\t<meta name=\"twitter:data2\" content=\"2 minutes\" \/>\n<script type=\"application\/ld+json\" class=\"yoast-schema-graph\">{\"@context\":\"https:\\\/\\\/schema.org\",\"@graph\":[{\"@type\":\"Article\",\"@id\":\"https:\\\/\\\/www.univ-lorraine.fr\\\/welcome\\\/numeros-de-telephone-et-services-durgence\\\/#article\",\"isPartOf\":{\"@id\":\"https:\\\/\\\/www.univ-lorraine.fr\\\/welcome\\\/numeros-de-telephone-et-services-durgence\\\/\"},\"author\":{\"name\":\"Christine Hocquigny\",\"@id\":\"https:\\\/\\\/www.univ-lorraine.fr\\\/welcome\\\/#\\\/schema\\\/person\\\/8a53f048df62e3e9abbc2a59ea31c39b\"},\"headline\":\"Num\u00e9ros de t\u00e9l\u00e9phone et services d&rsquo;urgence\",\"datePublished\":\"2023-03-08T15:19:23+00:00\",\"dateModified\":\"2025-04-16T12:27:05+00:00\",\"mainEntityOfPage\":{\"@id\":\"https:\\\/\\\/www.univ-lorraine.fr\\\/welcome\\\/numeros-de-telephone-et-services-durgence\\\/\"},\"wordCount\":473,\"publisher\":{\"@id\":\"https:\\\/\\\/www.univ-lorraine.fr\\\/welcome\\\/#organization\"},\"image\":{\"@id\":\"https:\\\/\\\/www.univ-lorraine.fr\\\/welcome\\\/numeros-de-telephone-et-services-durgence\\\/#primaryimage\"},\"thumbnailUrl\":\"https:\\\/\\\/www.univ-lorraine.fr\\\/welcome\\\/wp-content\\\/uploads\\\/sites\\\/41\\\/2023\\\/03\\\/reflechi-jeune-bel-homme-parlant-au-telephone-regardant-cote-gardant-doigt-menton-fond-jaune-1-1.jpg\",\"articleSection\":[\"Tous les articles\"],\"inLanguage\":\"fr-FR\"},{\"@type\":\"WebPage\",\"@id\":\"https:\\\/\\\/www.univ-lorraine.fr\\\/welcome\\\/numeros-de-telephone-et-services-durgence\\\/\",\"url\":\"https:\\\/\\\/www.univ-lorraine.fr\\\/welcome\\\/numeros-de-telephone-et-services-durgence\\\/\",\"name\":\"Num\u00e9ros de t\u00e9l\u00e9phone et services d'urgence - Welcome\",\"isPartOf\":{\"@id\":\"https:\\\/\\\/www.univ-lorraine.fr\\\/welcome\\\/#website\"},\"primaryImageOfPage\":{\"@id\":\"https:\\\/\\\/www.univ-lorraine.fr\\\/welcome\\\/numeros-de-telephone-et-services-durgence\\\/#primaryimage\"},\"image\":{\"@id\":\"https:\\\/\\\/www.univ-lorraine.fr\\\/welcome\\\/numeros-de-telephone-et-services-durgence\\\/#primaryimage\"},\"thumbnailUrl\":\"https:\\\/\\\/www.univ-lorraine.fr\\\/welcome\\\/wp-content\\\/uploads\\\/sites\\\/41\\\/2023\\\/03\\\/reflechi-jeune-bel-homme-parlant-au-telephone-regardant-cote-gardant-doigt-menton-fond-jaune-1-1.jpg\",\"datePublished\":\"2023-03-08T15:19:23+00:00\",\"dateModified\":\"2025-04-16T12:27:05+00:00\",\"breadcrumb\":{\"@id\":\"https:\\\/\\\/www.univ-lorraine.fr\\\/welcome\\\/numeros-de-telephone-et-services-durgence\\\/#breadcrumb\"},\"inLanguage\":\"fr-FR\",\"potentialAction\":[{\"@type\":\"ReadAction\",\"target\":[\"https:\\\/\\\/www.univ-lorraine.fr\\\/welcome\\\/numeros-de-telephone-et-services-durgence\\\/\"]}]},{\"@type\":\"ImageObject\",\"inLanguage\":\"fr-FR\",\"@id\":\"https:\\\/\\\/www.univ-lorraine.fr\\\/welcome\\\/numeros-de-telephone-et-services-durgence\\\/#primaryimage\",\"url\":\"https:\\\/\\\/www.univ-lorraine.fr\\\/welcome\\\/wp-content\\\/uploads\\\/sites\\\/41\\\/2023\\\/03\\\/reflechi-jeune-bel-homme-parlant-au-telephone-regardant-cote-gardant-doigt-menton-fond-jaune-1-1.jpg\",\"contentUrl\":\"https:\\\/\\\/www.univ-lorraine.fr\\\/welcome\\\/wp-content\\\/uploads\\\/sites\\\/41\\\/2023\\\/03\\\/reflechi-jeune-bel-homme-parlant-au-telephone-regardant-cote-gardant-doigt-menton-fond-jaune-1-1.jpg\",\"width\":1920,\"height\":1280,\"caption\":\"thoughtful young handsome man talking on phone looking at side keeping finger on chin on yellow background\"},{\"@type\":\"BreadcrumbList\",\"@id\":\"https:\\\/\\\/www.univ-lorraine.fr\\\/welcome\\\/numeros-de-telephone-et-services-durgence\\\/#breadcrumb\",\"itemListElement\":[{\"@type\":\"ListItem\",\"position\":1,\"name\":\"Accueil\",\"item\":\"https:\\\/\\\/www.univ-lorraine.fr\\\/welcome\\\/\"},{\"@type\":\"ListItem\",\"position\":2,\"name\":\"Num\u00e9ros de t\u00e9l\u00e9phone et services d&rsquo;urgence\"}]},{\"@type\":\"WebSite\",\"@id\":\"https:\\\/\\\/www.univ-lorraine.fr\\\/welcome\\\/#website\",\"url\":\"https:\\\/\\\/www.univ-lorraine.fr\\\/welcome\\\/\",\"name\":\"Welcome\",\"description\":\"Faire dialoguer les savoirs, c\u2019est innover\",\"publisher\":{\"@id\":\"https:\\\/\\\/www.univ-lorraine.fr\\\/welcome\\\/#organization\"},\"potentialAction\":[{\"@type\":\"SearchAction\",\"target\":{\"@type\":\"EntryPoint\",\"urlTemplate\":\"https:\\\/\\\/www.univ-lorraine.fr\\\/welcome\\\/?s={search_term_string}\"},\"query-input\":{\"@type\":\"PropertyValueSpecification\",\"valueRequired\":true,\"valueName\":\"search_term_string\"}}],\"inLanguage\":\"fr-FR\"},{\"@type\":\"Organization\",\"@id\":\"https:\\\/\\\/www.univ-lorraine.fr\\\/welcome\\\/#organization\",\"name\":\"Universit\u00e9 de Lorraine\",\"url\":\"https:\\\/\\\/www.univ-lorraine.fr\\\/welcome\\\/\",\"logo\":{\"@type\":\"ImageObject\",\"inLanguage\":\"fr-FR\",\"@id\":\"https:\\\/\\\/www.univ-lorraine.fr\\\/welcome\\\/#\\\/schema\\\/logo\\\/image\\\/\",\"url\":\"https:\\\/\\\/www.univ-lorraine.fr\\\/welcome\\\/wp-content\\\/uploads\\\/sites\\\/41\\\/2021\\\/01\\\/LOGO_UL.png\",\"contentUrl\":\"https:\\\/\\\/www.univ-lorraine.fr\\\/welcome\\\/wp-content\\\/uploads\\\/sites\\\/41\\\/2021\\\/01\\\/LOGO_UL.png\",\"width\":138,\"height\":48,\"caption\":\"Universit\u00e9 de Lorraine\"},\"image\":{\"@id\":\"https:\\\/\\\/www.univ-lorraine.fr\\\/welcome\\\/#\\\/schema\\\/logo\\\/image\\\/\"}},{\"@type\":\"Person\",\"@id\":\"https:\\\/\\\/www.univ-lorraine.fr\\\/welcome\\\/#\\\/schema\\\/person\\\/8a53f048df62e3e9abbc2a59ea31c39b\",\"name\":\"Christine Hocquigny\",\"image\":{\"@type\":\"ImageObject\",\"inLanguage\":\"fr-FR\",\"@id\":\"https:\\\/\\\/secure.gravatar.com\\\/avatar\\\/d90aac30de180497d1c2090796924954f6d3fabbdb2c46e933376036eb4d88a0?s=96&d=mm&r=g\",\"url\":\"https:\\\/\\\/secure.gravatar.com\\\/avatar\\\/d90aac30de180497d1c2090796924954f6d3fabbdb2c46e933376036eb4d88a0?s=96&d=mm&r=g\",\"contentUrl\":\"https:\\\/\\\/secure.gravatar.com\\\/avatar\\\/d90aac30de180497d1c2090796924954f6d3fabbdb2c46e933376036eb4d88a0?s=96&d=mm&r=g\",\"caption\":\"Christine Hocquigny\"}}]}<\/script>\n<!-- \/ Yoast SEO plugin. -->","yoast_head_json":{"title":"Num\u00e9ros de t\u00e9l\u00e9phone et services d'urgence - Welcome","robots":{"index":"index","follow":"follow","max-snippet":"max-snippet:-1","max-image-preview":"max-image-preview:large","max-video-preview":"max-video-preview:-1"},"canonical":"https:\/\/www.univ-lorraine.fr\/welcome\/numeros-de-telephone-et-services-durgence\/","og_locale":"fr_FR","og_type":"article","og_title":"Num\u00e9ros de t\u00e9l\u00e9phone et services d'urgence - Welcome","og_description":"Voici la liste des num\u00e9ros et sites internet en cas d'urgence, de perte ou de vol de vos moyens de paiement (carte bancaire, ch\u00e9quier) ou de besoin d'\u00e9coute et de conseil concernant votre sant\u00e9 physique et mentale en France.","og_url":"https:\/\/www.univ-lorraine.fr\/welcome\/numeros-de-telephone-et-services-durgence\/","og_site_name":"Welcome","article_published_time":"2023-03-08T15:19:23+00:00","article_modified_time":"2025-04-16T12:27:05+00:00","og_image":[{"width":1920,"height":1280,"url":"https:\/\/www.univ-lorraine.fr\/welcome\/wp-content\/uploads\/sites\/41\/2023\/03\/reflechi-jeune-bel-homme-parlant-au-telephone-regardant-cote-gardant-doigt-menton-fond-jaune-1-1.jpg","type":"image\/jpeg"}],"author":"Christine Hocquigny","twitter_card":"summary_large_image","twitter_misc":{"\u00c9crit par":"Christine Hocquigny","Dur\u00e9e de lecture estim\u00e9e":"2 minutes"},"schema":{"@context":"https:\/\/schema.org","@graph":[{"@type":"Article","@id":"https:\/\/www.univ-lorraine.fr\/welcome\/numeros-de-telephone-et-services-durgence\/#article","isPartOf":{"@id":"https:\/\/www.univ-lorraine.fr\/welcome\/numeros-de-telephone-et-services-durgence\/"},"author":{"name":"Christine Hocquigny","@id":"https:\/\/www.univ-lorraine.fr\/welcome\/#\/schema\/person\/8a53f048df62e3e9abbc2a59ea31c39b"},"headline":"Num\u00e9ros de t\u00e9l\u00e9phone et services d&rsquo;urgence","datePublished":"2023-03-08T15:19:23+00:00","dateModified":"2025-04-16T12:27:05+00:00","mainEntityOfPage":{"@id":"https:\/\/www.univ-lorraine.fr\/welcome\/numeros-de-telephone-et-services-durgence\/"},"wordCount":473,"publisher":{"@id":"https:\/\/www.univ-lorraine.fr\/welcome\/#organization"},"image":{"@id":"https:\/\/www.univ-lorraine.fr\/welcome\/numeros-de-telephone-et-services-durgence\/#primaryimage"},"thumbnailUrl":"https:\/\/www.univ-lorraine.fr\/welcome\/wp-content\/uploads\/sites\/41\/2023\/03\/reflechi-jeune-bel-homme-parlant-au-telephone-regardant-cote-gardant-doigt-menton-fond-jaune-1-1.jpg","articleSection":["Tous les articles"],"inLanguage":"fr-FR"},{"@type":"WebPage","@id":"https:\/\/www.univ-lorraine.fr\/welcome\/numeros-de-telephone-et-services-durgence\/","url":"https:\/\/www.univ-lorraine.fr\/welcome\/numeros-de-telephone-et-services-durgence\/","name":"Num\u00e9ros de t\u00e9l\u00e9phone et services d'urgence - Welcome","isPartOf":{"@id":"https:\/\/www.univ-lorraine.fr\/welcome\/#website"},"primaryImageOfPage":{"@id":"https:\/\/www.univ-lorraine.fr\/welcome\/numeros-de-telephone-et-services-durgence\/#primaryimage"},"image":{"@id":"https:\/\/www.univ-lorraine.fr\/welcome\/numeros-de-telephone-et-services-durgence\/#primaryimage"},"thumbnailUrl":"https:\/\/www.univ-lorraine.fr\/welcome\/wp-content\/uploads\/sites\/41\/2023\/03\/reflechi-jeune-bel-homme-parlant-au-telephone-regardant-cote-gardant-doigt-menton-fond-jaune-1-1.jpg","datePublished":"2023-03-08T15:19:23+00:00","dateModified":"2025-04-16T12:27:05+00:00","breadcrumb":{"@id":"https:\/\/www.univ-lorraine.fr\/welcome\/numeros-de-telephone-et-services-durgence\/#breadcrumb"},"inLanguage":"fr-FR","potentialAction":[{"@type":"ReadAction","target":["https:\/\/www.univ-lorraine.fr\/welcome\/numeros-de-telephone-et-services-durgence\/"]}]},{"@type":"ImageObject","inLanguage":"fr-FR","@id":"https:\/\/www.univ-lorraine.fr\/welcome\/numeros-de-telephone-et-services-durgence\/#primaryimage","url":"https:\/\/www.univ-lorraine.fr\/welcome\/wp-content\/uploads\/sites\/41\/2023\/03\/reflechi-jeune-bel-homme-parlant-au-telephone-regardant-cote-gardant-doigt-menton-fond-jaune-1-1.jpg","contentUrl":"https:\/\/www.univ-lorraine.fr\/welcome\/wp-content\/uploads\/sites\/41\/2023\/03\/reflechi-jeune-bel-homme-parlant-au-telephone-regardant-cote-gardant-doigt-menton-fond-jaune-1-1.jpg","width":1920,"height":1280,"caption":"thoughtful young handsome man talking on phone looking at side keeping finger on chin on yellow background"},{"@type":"BreadcrumbList","@id":"https:\/\/www.univ-lorraine.fr\/welcome\/numeros-de-telephone-et-services-durgence\/#breadcrumb","itemListElement":[{"@type":"ListItem","position":1,"name":"Accueil","item":"https:\/\/www.univ-lorraine.fr\/welcome\/"},{"@type":"ListItem","position":2,"name":"Num\u00e9ros de t\u00e9l\u00e9phone et services d&rsquo;urgence"}]},{"@type":"WebSite","@id":"https:\/\/www.univ-lorraine.fr\/welcome\/#website","url":"https:\/\/www.univ-lorraine.fr\/welcome\/","name":"Welcome","description":"Faire dialoguer les savoirs, c\u2019est innover","publisher":{"@id":"https:\/\/www.univ-lorraine.fr\/welcome\/#organization"},"potentialAction":[{"@type":"SearchAction","target":{"@type":"EntryPoint","urlTemplate":"https:\/\/www.univ-lorraine.fr\/welcome\/?s={search_term_string}"},"query-input":{"@type":"PropertyValueSpecification","valueRequired":true,"valueName":"search_term_string"}}],"inLanguage":"fr-FR"},{"@type":"Organization","@id":"https:\/\/www.univ-lorraine.fr\/welcome\/#organization","name":"Universit\u00e9 de Lorraine","url":"https:\/\/www.univ-lorraine.fr\/welcome\/","logo":{"@type":"ImageObject","inLanguage":"fr-FR","@id":"https:\/\/www.univ-lorraine.fr\/welcome\/#\/schema\/logo\/image\/","url":"https:\/\/www.univ-lorraine.fr\/welcome\/wp-content\/uploads\/sites\/41\/2021\/01\/LOGO_UL.png","contentUrl":"https:\/\/www.univ-lorraine.fr\/welcome\/wp-content\/uploads\/sites\/41\/2021\/01\/LOGO_UL.png","width":138,"height":48,"caption":"Universit\u00e9 de Lorraine"},"image":{"@id":"https:\/\/www.univ-lorraine.fr\/welcome\/#\/schema\/logo\/image\/"}},{"@type":"Person","@id":"https:\/\/www.univ-lorraine.fr\/welcome\/#\/schema\/person\/8a53f048df62e3e9abbc2a59ea31c39b","name":"Christine Hocquigny","image":{"@type":"ImageObject","inLanguage":"fr-FR","@id":"https:\/\/secure.gravatar.com\/avatar\/d90aac30de180497d1c2090796924954f6d3fabbdb2c46e933376036eb4d88a0?s=96&d=mm&r=g","url":"https:\/\/secure.gravatar.com\/avatar\/d90aac30de180497d1c2090796924954f6d3fabbdb2c46e933376036eb4d88a0?s=96&d=mm&r=g","contentUrl":"https:\/\/secure.gravatar.com\/avatar\/d90aac30de180497d1c2090796924954f6d3fabbdb2c46e933376036eb4d88a0?s=96&d=mm&r=g","caption":"Christine Hocquigny"}}]}},"_links":{"self":[{"href":"https:\/\/www.univ-lorraine.fr\/welcome\/wp-json\/wp\/v2\/posts\/998","targetHints":{"allow":["GET"]}}],"collection":[{"href":"https:\/\/www.univ-lorraine.fr\/welcome\/wp-json\/wp\/v2\/posts"}],"about":[{"href":"https:\/\/www.univ-lorraine.fr\/welcome\/wp-json\/wp\/v2\/types\/post"}],"author":[{"embeddable":true,"href":"https:\/\/www.univ-lorraine.fr\/welcome\/wp-json\/wp\/v2\/users\/261"}],"replies":[{"embeddable":true,"href":"https:\/\/www.univ-lorraine.fr\/welcome\/wp-json\/wp\/v2\/comments?post=998"}],"version-history":[{"count":22,"href":"https:\/\/www.univ-lorraine.fr\/welcome\/wp-json\/wp\/v2\/posts\/998\/revisions"}],"predecessor-version":[{"id":8272,"href":"https:\/\/www.univ-lorraine.fr\/welcome\/wp-json\/wp\/v2\/posts\/998\/revisions\/8272"}],"wp:featuredmedia":[{"embeddable":true,"href":"https:\/\/www.univ-lorraine.fr\/welcome\/wp-json\/wp\/v2\/media\/1895"}],"wp:attachment":[{"href":"https:\/\/www.univ-lorraine.fr\/welcome\/wp-json\/wp\/v2\/media?parent=998"}],"wp:term":[{"taxonomy":"category","embeddable":true,"href":"https:\/\/www.univ-lorraine.fr\/welcome\/wp-json\/wp\/v2\/categories?post=998"},{"taxonomy":"post_tag","embeddable":true,"href":"https:\/\/www.univ-lorraine.fr\/welcome\/wp-json\/wp\/v2\/tags?post=998"},{"taxonomy":"temporalite","embeddable":true,"href":"https:\/\/www.univ-lorraine.fr\/welcome\/wp-json\/wp\/v2\/temporalite?post=998"},{"taxonomy":"profil","embeddable":true,"href":"https:\/\/www.univ-lorraine.fr\/welcome\/wp-json\/wp\/v2\/profil?post=998"},{"taxonomy":"thematique","embeddable":true,"href":"https:\/\/www.univ-lorraine.fr\/welcome\/wp-json\/wp\/v2\/thematique?post=998"}],"curies":[{"name":"wp","href":"https:\/\/api.w.org\/{rel}","templated":true}]}}